{"id":127,"date":"2014-08-04T13:55:56","date_gmt":"2014-08-04T11:55:56","guid":{"rendered":"http:\/\/www.frida-und-franz.de\/?p=127"},"modified":"2014-08-17T23:10:30","modified_gmt":"2014-08-17T21:10:30","slug":"ein-bergmann-im-sauerland","status":"publish","type":"post","link":"http:\/\/www.frida-und-franz.de\/?p=127","title":{"rendered":"Ein Bergmann im Sauerland"},"content":{"rendered":"<div id=\"attachment_130\" style=\"width: 290px\" class=\"wp-caption alignright\"><a href=\"http:\/\/www.frida-und-franz.de\/wp-content\/uploads\/2014\/08\/adolfhennecke1925.jpg\"><img aria-describedby=\"caption-attachment-130\" loading=\"lazy\" class=\"wp-image-130 size-full\" src=\"http:\/\/www.frida-und-franz.de\/wp-content\/uploads\/2014\/08\/adolfhennecke1925.jpg\" alt=\"adolfhennecke1925\" width=\"280\" height=\"496\" srcset=\"http:\/\/www.frida-und-franz.de\/wp-content\/uploads\/2014\/08\/adolfhennecke1925.jpg 280w, http:\/\/www.frida-und-franz.de\/wp-content\/uploads\/2014\/08\/adolfhennecke1925-169x300.jpg 169w\" sizes=\"(max-width: 280px) 100vw, 280px\" \/><\/a><p id=\"caption-attachment-130\" class=\"wp-caption-text\">Adolf Hennecke. Mitte der 20er Jahre. Abbildung aus: Ich bin Bergmann, wer ist mehr? Das Leben des Adolf Hennecke. Von Hannelore Graff-Hennecke<\/p><\/div>\n<p>Im Perlentaucher am 4.8.2014: &#8222;In der <em>FAZ<\/em> erkl\u00e4rt <strong>Judith Hermann<\/strong>, warum die Arbeit am <strong>Roman<\/strong> viel \u00c4hnlichkeit hat mit der Arbeit im <strong>Bergwerk<\/strong>.&#8220; Die Arbeit im Bergwerk &#8211; was wissen wir dar\u00fcber (noch)? Wir &#8211; also wir Romanleser&#8230;<br \/>\nSeit einigen Tagen trage ich Material \u00fcber den Sauerl\u00e4nder Bergmann Adolf Hennecke zusammen (u.a. &#8222;Ich bin Bergmann, wer ist mehr?&#8220;). Hennecke wurde dann sp\u00e4ter in der DDR zum &#8222;Helden&#8220; &#8211; aber mich interessiert aktuell mehr seine Zeit in Meggen in Westfalen. Adolf Hennecke wurde 1905 in Meggen geboren.\u00a0Ab 1911 besuchte er die Volksschule in Meggen, nach dem ersten Weltkrieg\u00a0begann er eine kaufm\u00e4nnische Lehre in Altenhundem (Tob\u00fcren). Seine Eltern waren bereits beide vor dem 1. Weltkrieg gestorben, er lebte bei Verwandten in Meggen. Mitte der Zwanziger Jahre\u00a0verlie\u00df Hennecke\u00a0das Sauerland, zun\u00e4chst Richtung Berlin, kam aber noch einmal zur\u00fcck und\u00a0arbeitete zum ersten Mal in einem Bergwerk.<\/p>\n<p>Wir, meine Familie, lebten in Meggen auf dem Werksgel\u00e4nde (1947-1956) der Sachtleben AG.\u00a0Unsere Wohnung war ein ausgebauter Dachboden, parallel zum Trockenboden und den Tauben. Das Haus geh\u00f6rte Sachtleben und stand am Rande des Holzplatzes. Unter uns wohnten Stemmers. Onkel Stemmer\u00a0arbeitete ebenfalls im Schacht. Und da\u00a0wohnte Frau R\u00fcsing, die Witwe eines\u00a0Sachtleben-Direktors. Papa brachte Hasenbrot von der Arbeit mit, trank viel Schnaps, auch auf der Arbeit, spaltete Holz im Schuppen und schlug ab und an uns Kinder.\u00a0Eine kurze Zeit war er\u00a0im Elferrat des Meggener Karneval-Vereins, aber das wurde schnell\u00a0zu teuer.<br \/>\nEinige H\u00e4user weiter der katholische Kindergarten. Meine Einschulung in die Volksschule in Meggen gelang nicht &#8211; ich wurde als &#8222;zu schw\u00e4chlich: zur\u00fcckgestellt&#8220;. Eine ganz gro\u00dfe Kr\u00e4nkung.<\/p>\n<p>Neben dem Holzplatz war das Kino. Als Kind habe ich dort M\u00e4rchenfilme gesehen, vielleicht auch noch &#8222;Die zehn Gebote&#8220;. Wir sind 1956 oder 1957\u00a0in den Nachbarort Maumke gezogen. Ich bin weiterhin in Meggen ins Kino gegangen, vermutlich mit meinem Vater, vielleicht mit meiner Mutter. Das erinnere ich aber nicht mehr. Ich erinnere mich nur deutlich (?)\u00a0an die Filme &#8222;Der L\u00f6we von Sparta&#8220;, &#8222;Die\u00a0zehn Gebote&#8220; und &#8222;Ben Hur&#8220;.<\/p>\n<div id=\"attachment_194\" style=\"width: 610px\" class=\"wp-caption alignleft\"><a href=\"http:\/\/www.frida-und-franz.de\/wp-content\/uploads\/2014\/08\/meggen-holzplatz_ca1954.jpg\"><img aria-describedby=\"caption-attachment-194\" loading=\"lazy\" class=\"size-full wp-image-194\" src=\"http:\/\/www.frida-und-franz.de\/wp-content\/uploads\/2014\/08\/meggen-holzplatz_ca1954.jpg\" alt=\"Holzplatz. Sachtleben AG in Meggen. Ca. 1954\/5. Fotograf:  Fritz Sassmannshausen\" width=\"600\" height=\"541\" srcset=\"http:\/\/www.frida-und-franz.de\/wp-content\/uploads\/2014\/08\/meggen-holzplatz_ca1954.jpg 600w, http:\/\/www.frida-und-franz.de\/wp-content\/uploads\/2014\/08\/meggen-holzplatz_ca1954-300x270.jpg 300w\" sizes=\"(max-width: 600px) 100vw, 600px\" \/><\/a><p id=\"caption-attachment-194\" class=\"wp-caption-text\">Holzplatz. Sachtleben AG in Meggen. Ca. 1954\/5. Fotograf: Fritz Sassmannshausen<\/p><\/div>\n<div id=\"attachment_163\" style=\"width: 610px\" class=\"wp-caption aligncenter\"><a href=\"http:\/\/www.frida-und-franz.de\/wp-content\/uploads\/2014\/08\/bergmann-hauer-fritz-rechts.jpg\"><img aria-describedby=\"caption-attachment-163\" loading=\"lazy\" class=\"wp-image-163 size-full\" src=\"http:\/\/www.frida-und-franz.de\/wp-content\/uploads\/2014\/08\/bergmann-hauer-fritz-rechts.jpg\" alt=\"bergmann-hauer-fritz-rechts\" width=\"600\" height=\"426\" srcset=\"http:\/\/www.frida-und-franz.de\/wp-content\/uploads\/2014\/08\/bergmann-hauer-fritz-rechts.jpg 600w, http:\/\/www.frida-und-franz.de\/wp-content\/uploads\/2014\/08\/bergmann-hauer-fritz-rechts-300x213.jpg 300w\" sizes=\"(max-width: 600px) 100vw, 600px\" \/><\/a><p id=\"caption-attachment-163\" class=\"wp-caption-text\">Unter Tage. Fritz Sassmannshausen, mein Vater, rechts. Aufnahme aus dem Jahr 1951<\/p><\/div>\n","protected":false},"excerpt":{"rendered":"<p>Im Perlentaucher am 4.8.2014: &#8222;In der FAZ erkl\u00e4rt Judith Hermann, warum die Arbeit am Roman viel \u00c4hnlichkeit hat mit der Arbeit im Bergwerk.&#8220; Die Arbeit im Bergwerk &#8211; was wissen wir dar\u00fcber (noch)? Wir &#8211; also wir Romanleser&#8230; Seit einigen Tagen trage ich Material \u00fcber den Sauerl\u00e4nder Bergmann Adolf Hennecke zusammen (u.a. &#8222;Ich bin Bergmann, [&hellip;]<\/p>\n","protected":false},"author":1,"featured_media":0,"comment_status":"open","ping_status":"open","sticky":false,"template":"","format":"standard","meta":{"ngg_post_thumbnail":0},"categories":[10],"tags":[],"_links":{"self":[{"href":"http:\/\/www.frida-und-franz.de\/index.php?rest_route=\/wp\/v2\/posts\/127"}],"collection":[{"href":"http:\/\/www.frida-und-franz.de\/index.php?rest_route=\/wp\/v2\/posts"}],"about":[{"href":"http:\/\/www.frida-und-franz.de\/index.php?rest_route=\/wp\/v2\/types\/post"}],"author":[{"embeddable":true,"href":"http:\/\/www.frida-und-franz.de\/index.php?rest_route=\/wp\/v2\/users\/1"}],"replies":[{"embeddable":true,"href":"http:\/\/www.frida-und-franz.de\/index.php?rest_route=%2Fwp%2Fv2%2Fcomments&post=127"}],"version-history":[{"count":16,"href":"http:\/\/www.frida-und-franz.de\/index.php?rest_route=\/wp\/v2\/posts\/127\/revisions"}],"predecessor-version":[{"id":195,"href":"http:\/\/www.frida-und-franz.de\/index.php?rest_route=\/wp\/v2\/posts\/127\/revisions\/195"}],"wp:attachment":[{"href":"http:\/\/www.frida-und-franz.de\/index.php?rest_route=%2Fwp%2Fv2%2Fmedia&parent=127"}],"wp:term":[{"taxonomy":"category","embeddable":true,"href":"http:\/\/www.frida-und-franz.de\/index.php?rest_route=%2Fwp%2Fv2%2Fcategories&post=127"},{"taxonomy":"post_tag","embeddable":true,"href":"http:\/\/www.frida-und-franz.de\/index.php?rest_route=%2Fwp%2Fv2%2Ftags&post=127"}],"curies":[{"name":"wp","href":"https:\/\/api.w.org\/{rel}","templated":true}]}}