{"id":166,"date":"2014-08-08T10:18:18","date_gmt":"2014-08-08T08:18:18","guid":{"rendered":"http:\/\/www.frida-und-franz.de\/?p=166"},"modified":"2014-08-08T10:18:18","modified_gmt":"2014-08-08T08:18:18","slug":"irgendwann-werde-ich-hinkommen","status":"publish","type":"post","link":"http:\/\/www.frida-und-franz.de\/?p=166","title":{"rendered":"Irgendwann werde ich hinkommen"},"content":{"rendered":"<p>Und so war der Nachmittag vorbeigegangen<br \/>\nUnd meine Hoffnung nach Neapel zu gelangen<br \/>\nHatte sich nicht erf\u00fcllt<\/p>\n<p>[&#8230;]<\/p>\n<p>Irgendwann werde ich hinkommen<br \/>\nUnd sei es nur: um auf andere Weise fr\u00f6hlich zu sein<\/p>\n<p>Aber dann (irgendwann)<br \/>\nWerde ich mein Goethebild revidieren<br \/>\nUnd der zweiten (unterdr\u00fcckten) Kultur nachsp\u00fcren<\/p>\n<p>Irgendwann mu\u00df ich hinkommen<br \/>\nUm die Feuer des Abends zu sch\u00fcren und morgens zu<br \/>\nl\u00f6schen<\/p>\n<p><em>Paul G\u00fcnter Krohn<\/em><\/p>\n","protected":false},"excerpt":{"rendered":"<p>Und so war der Nachmittag vorbeigegangen Und meine Hoffnung nach Neapel zu gelangen Hatte sich nicht erf\u00fcllt [&#8230;] Irgendwann werde ich hinkommen Und sei es nur: um auf andere Weise fr\u00f6hlich zu sein Aber dann (irgendwann) Werde ich mein Goethebild revidieren Und der zweiten (unterdr\u00fcckten) Kultur nachsp\u00fcren Irgendwann mu\u00df ich hinkommen Um die Feuer des [&hellip;]<\/p>\n","protected":false},"author":1,"featured_media":0,"comment_status":"open","ping_status":"open","sticky":false,"template":"","format":"standard","meta":{"ngg_post_thumbnail":0},"categories":[7],"tags":[],"_links":{"self":[{"href":"http:\/\/www.frida-und-franz.de\/index.php?rest_route=\/wp\/v2\/posts\/166"}],"collection":[{"href":"http:\/\/www.frida-und-franz.de\/index.php?rest_route=\/wp\/v2\/posts"}],"about":[{"href":"http:\/\/www.frida-und-franz.de\/index.php?rest_route=\/wp\/v2\/types\/post"}],"author":[{"embeddable":true,"href":"http:\/\/www.frida-und-franz.de\/index.php?rest_route=\/wp\/v2\/users\/1"}],"replies":[{"embeddable":true,"href":"http:\/\/www.frida-und-franz.de\/index.php?rest_route=%2Fwp%2Fv2%2Fcomments&post=166"}],"version-history":[{"count":1,"href":"http:\/\/www.frida-und-franz.de\/index.php?rest_route=\/wp\/v2\/posts\/166\/revisions"}],"predecessor-version":[{"id":167,"href":"http:\/\/www.frida-und-franz.de\/index.php?rest_route=\/wp\/v2\/posts\/166\/revisions\/167"}],"wp:attachment":[{"href":"http:\/\/www.frida-und-franz.de\/index.php?rest_route=%2Fwp%2Fv2%2Fmedia&parent=166"}],"wp:term":[{"taxonomy":"category","embeddable":true,"href":"http:\/\/www.frida-und-franz.de\/index.php?rest_route=%2Fwp%2Fv2%2Fcategories&post=166"},{"taxonomy":"post_tag","embeddable":true,"href":"http:\/\/www.frida-und-franz.de\/index.php?rest_route=%2Fwp%2Fv2%2Ftags&post=166"}],"curies":[{"name":"wp","href":"https:\/\/api.w.org\/{rel}","templated":true}]}}