{"id":168,"date":"2014-08-10T14:47:33","date_gmt":"2014-08-10T12:47:33","guid":{"rendered":"http:\/\/www.frida-und-franz.de\/?p=168"},"modified":"2014-08-10T16:58:25","modified_gmt":"2014-08-10T14:58:25","slug":"flaneur","status":"publish","type":"post","link":"http:\/\/www.frida-und-franz.de\/?p=168","title":{"rendered":"Flaneur"},"content":{"rendered":"<p>&#8222;Die Geheimnisse einer Stadt offenbaren\u00a0sich immer erst, wenn man aufh\u00f6rt zu suchen und anf\u00e4ngt zu flanieren.&#8220; Damit beginnt der Hinweis von <em>caw\u00fc<\/em> auf das Magazin &#8222;Flaneur&#8220; in der Frankfurter Allgemeinen Sonntagszeitung (Ausgabe 10. August 2014). Ricarda Messner hat das Magazin gegr\u00fcndet, jede Ausgabe widmet sich einer Stra\u00dfe. &#8222;Bereits erkundet: die Berliner Kantstra\u00dfe und die Leipziger Georg-Schwarz-Stra\u00dfe.&#8220; www.flaneur-magazine.com<\/p>\n<p>Das Magazin erscheint in englischer Sprache (f\u00fcr mich &#8211; leider), aber die\u00a0Stra\u00dfennennungen aus Berlin und Leipzig lassen mich\u00a0aufgeregt werden. Kantstra\u00dfe:\u00a0In 10 Tagen und die Georg-Schwarz-Stra\u00dfe: Endlos lange her und unverge\u00dflich!<\/p>\n<p>Bericht vom 6.9.1982 (aus meiner Stasi-Akte):<br \/>\n&#8222;9:30 Uhr verlie\u00df &#8222;Poet&#8220; das Wohngrundst\u00fcck und ging zu seinem Pkw, VW &#8222;Golf&#8220;, Farbe gelb, amtliches Kennzeichen: F-PE 430. [&#8230;]<br \/>\n9:34 Uhr betrat &#8222;Poet&#8220; die\u00a0Volksbuchhandlung Georg Schwarz, Georg-Schwarz-Stra\u00dfe 7. In dieser Buchhandlung schaute er intensiv auf Neuerscheinungen und kaufte einen Stadtf\u00fchrer von Leipzig.<br \/>\n9:48 verlie\u00df er die Volksbuchhandlung und lief die Georg-Schwarz-Stra\u00dfe in die Merseburger Stra\u00dfe.&#8220;\u00a0 [&#8230;]<\/p>\n<p>&#8222;Er lief die Georg-Schwarz-Stra\u00dfe weiter bis in H\u00f6he Uhlandstra\u00dfe.<br \/>\n17.43 Uhr betrat &#8222;Poet&#8220; das Uhlandcafe, Georg-Schwarz-Stra\u00dfe\/Ecke Uhlandstra\u00dfe.&#8220;<\/p>\n<p>Observation\u00a0durch die Stasi am 6.9.1982 mit Fotos. Der genaue und umfangreiche Observierungsbericht\u00a0\u00fcber den 6.9.1982 \u00a0in meiner Stasi-Akte enth\u00e4lt einen Fehler, der zum &#8222;weissen Balken&#8220; auf dem Foto f\u00fchrt. In meiner Akte ist das Gesicht nicht unkenntlich gemacht, hier im Beitrag ist es aber notwendig, da die abgebildete Person nicht die angeblich observierte Person mit dem OV-Namen &#8222;Poet&#8220; (= Norbert Sa\u00dfmannshausen) ist, sondern mein Mitreisender Freund, den die Stasi zumindest am 6.9.1982 den ganzen Tag mit mir verwechselte&#8230;<\/p>\n<div id=\"attachment_176\" style=\"width: 586px\" class=\"wp-caption alignleft\"><a href=\"http:\/\/www.frida-und-franz.de\/wp-content\/uploads\/2014\/08\/leipzig_auftragpoet_mitbalken.jpg\"><img aria-describedby=\"caption-attachment-176\" loading=\"lazy\" class=\"size-full wp-image-176\" src=\"http:\/\/www.frida-und-franz.de\/wp-content\/uploads\/2014\/08\/leipzig_auftragpoet_mitbalken.jpg\" alt=\"Text auf der R\u00fcckseite des Fotos (Quelle: Meine Stasi-Akte): Ort: 7035 Leipzig Georg-Schwarz-Stra\u00dfe. Erkl\u00e4rung &quot;Poet&quot; nach Anlauf mehrerer Gesch\u00e4fte\" width=\"576\" height=\"517\" srcset=\"http:\/\/www.frida-und-franz.de\/wp-content\/uploads\/2014\/08\/leipzig_auftragpoet_mitbalken.jpg 576w, http:\/\/www.frida-und-franz.de\/wp-content\/uploads\/2014\/08\/leipzig_auftragpoet_mitbalken-300x269.jpg 300w\" sizes=\"(max-width: 576px) 100vw, 576px\" \/><\/a><p id=\"caption-attachment-176\" class=\"wp-caption-text\">Text auf der R\u00fcckseite des Fotos (Quelle: Meine Stasi-Akte): Ort: 7035 Leipzig Georg-Schwarz-Stra\u00dfe. Erkl\u00e4rung &#8222;Poet&#8220; nach Anlauf mehrerer Gesch\u00e4fte<\/p><\/div>\n","protected":false},"excerpt":{"rendered":"<p>&#8222;Die Geheimnisse einer Stadt offenbaren\u00a0sich immer erst, wenn man aufh\u00f6rt zu suchen und anf\u00e4ngt zu flanieren.&#8220; Damit beginnt der Hinweis von caw\u00fc auf das Magazin &#8222;Flaneur&#8220; in der Frankfurter Allgemeinen Sonntagszeitung (Ausgabe 10. August 2014). Ricarda Messner hat das Magazin gegr\u00fcndet, jede Ausgabe widmet sich einer Stra\u00dfe. &#8222;Bereits erkundet: die Berliner Kantstra\u00dfe und die Leipziger [&hellip;]<\/p>\n","protected":false},"author":1,"featured_media":0,"comment_status":"open","ping_status":"open","sticky":false,"template":"","format":"standard","meta":{"ngg_post_thumbnail":0},"categories":[3],"tags":[],"_links":{"self":[{"href":"http:\/\/www.frida-und-franz.de\/index.php?rest_route=\/wp\/v2\/posts\/168"}],"collection":[{"href":"http:\/\/www.frida-und-franz.de\/index.php?rest_route=\/wp\/v2\/posts"}],"about":[{"href":"http:\/\/www.frida-und-franz.de\/index.php?rest_route=\/wp\/v2\/types\/post"}],"author":[{"embeddable":true,"href":"http:\/\/www.frida-und-franz.de\/index.php?rest_route=\/wp\/v2\/users\/1"}],"replies":[{"embeddable":true,"href":"http:\/\/www.frida-und-franz.de\/index.php?rest_route=%2Fwp%2Fv2%2Fcomments&post=168"}],"version-history":[{"count":7,"href":"http:\/\/www.frida-und-franz.de\/index.php?rest_route=\/wp\/v2\/posts\/168\/revisions"}],"predecessor-version":[{"id":178,"href":"http:\/\/www.frida-und-franz.de\/index.php?rest_route=\/wp\/v2\/posts\/168\/revisions\/178"}],"wp:attachment":[{"href":"http:\/\/www.frida-und-franz.de\/index.php?rest_route=%2Fwp%2Fv2%2Fmedia&parent=168"}],"wp:term":[{"taxonomy":"category","embeddable":true,"href":"http:\/\/www.frida-und-franz.de\/index.php?rest_route=%2Fwp%2Fv2%2Fcategories&post=168"},{"taxonomy":"post_tag","embeddable":true,"href":"http:\/\/www.frida-und-franz.de\/index.php?rest_route=%2Fwp%2Fv2%2Ftags&post=168"}],"curies":[{"name":"wp","href":"https:\/\/api.w.org\/{rel}","templated":true}]}}