{"id":179,"date":"2014-08-12T18:04:56","date_gmt":"2014-08-12T16:04:56","guid":{"rendered":"http:\/\/www.frida-und-franz.de\/?p=179"},"modified":"2014-08-13T02:46:58","modified_gmt":"2014-08-13T00:46:58","slug":"wiesengrund-wie-es-begann","status":"publish","type":"post","link":"http:\/\/www.frida-und-franz.de\/?p=179","title":{"rendered":"Wiesengrund. Wie es begann."},"content":{"rendered":"<p>In diesen Tagen vor einigen Jahren entstand im Logenhaus in der Finkenhofstra\u00dfe in Frankfurt der Wiesengrund. Der <strong>Wiesengrund<\/strong> sollte sein, was <strong>Denkbar<\/strong> war. Die Denkbar &#8211; das war dieser ber\u00fchmte Ort in der Schillerstra\u00dfe, eine Oase, ein Treffpunkt, ein Schnittpunkt unterschiedlichster und gegens\u00e4tzlicher Denkweisen. Im August 2004 hatte die Denkbar in der Schillerstra\u00dfe 26 die T\u00fcren endg\u00fcltig geschlossen, und nun sollte doch tats\u00e4chlich eine DENKBAR im Finkenhof neu entstehen. Im Sommer hatte ich noch w\u00e4hrend des Urlaubs in G\u00f6rlitz von der polnischen Seite der Stadt mit Prof. von Friedeburg telefoniert,\u00a0seit dem\u00a0Fr\u00fchjahr mit F. K. Waechter und\u00a0den anderen K\u00fcnstlern der &#8222;Neuen Frankfurter Schule&#8220;, mit Michael Herl und mit Frank Wolff, mit Henscheid auch usw.\u00a0 &#8211; Die Freunde der Denkbar, Werner Ost und Ulla Bayerl hatten ein sch\u00f6nes Logo f\u00fcr den Wiesengrund (honorarfrei!) entworfen &#8211; und auch den ersten Flyer entwickelt. Mit Henner Drescher wurde die Beleuchtung f\u00fcr die Ausstellung ausgesucht und montiert,\u00a0gemeinsam mit Achim Frenz wurden die Bilder f\u00fcr die Ausstellung <strong>Da: Das Meer\u00a0<\/strong>ausgesucht, gerahmt und geh\u00e4ngt.\u00a0Falk Bayerl bereitete seine Adorno-Vorlesungen vor. Alles war voll der Vorfreude, der Erwartung und der Hoffnung.<\/p>\n<p><a href=\"http:\/\/www.frida-und-franz.de\/wp-content\/uploads\/2014\/08\/wiesengrund2005010.jpg\"><img loading=\"lazy\" class=\"alignleft size-full wp-image-180\" src=\"http:\/\/www.frida-und-franz.de\/wp-content\/uploads\/2014\/08\/wiesengrund2005010.jpg\" alt=\"wiesengrund2005010\" width=\"612\" height=\"842\" srcset=\"http:\/\/www.frida-und-franz.de\/wp-content\/uploads\/2014\/08\/wiesengrund2005010.jpg 612w, http:\/\/www.frida-und-franz.de\/wp-content\/uploads\/2014\/08\/wiesengrund2005010-218x300.jpg 218w\" sizes=\"(max-width: 612px) 100vw, 612px\" \/><br \/>\n<\/a><\/p>\n","protected":false},"excerpt":{"rendered":"<p>In diesen Tagen vor einigen Jahren entstand im Logenhaus in der Finkenhofstra\u00dfe in Frankfurt der Wiesengrund. Der Wiesengrund sollte sein, was Denkbar war. Die Denkbar &#8211; das war dieser ber\u00fchmte Ort in der Schillerstra\u00dfe, eine Oase, ein Treffpunkt, ein Schnittpunkt unterschiedlichster und gegens\u00e4tzlicher Denkweisen. Im August 2004 hatte die Denkbar in der Schillerstra\u00dfe 26 die [&hellip;]<\/p>\n","protected":false},"author":1,"featured_media":0,"comment_status":"open","ping_status":"open","sticky":false,"template":"","format":"standard","meta":{"ngg_post_thumbnail":0},"categories":[5],"tags":[],"_links":{"self":[{"href":"http:\/\/www.frida-und-franz.de\/index.php?rest_route=\/wp\/v2\/posts\/179"}],"collection":[{"href":"http:\/\/www.frida-und-franz.de\/index.php?rest_route=\/wp\/v2\/posts"}],"about":[{"href":"http:\/\/www.frida-und-franz.de\/index.php?rest_route=\/wp\/v2\/types\/post"}],"author":[{"embeddable":true,"href":"http:\/\/www.frida-und-franz.de\/index.php?rest_route=\/wp\/v2\/users\/1"}],"replies":[{"embeddable":true,"href":"http:\/\/www.frida-und-franz.de\/index.php?rest_route=%2Fwp%2Fv2%2Fcomments&post=179"}],"version-history":[{"count":5,"href":"http:\/\/www.frida-und-franz.de\/index.php?rest_route=\/wp\/v2\/posts\/179\/revisions"}],"predecessor-version":[{"id":188,"href":"http:\/\/www.frida-und-franz.de\/index.php?rest_route=\/wp\/v2\/posts\/179\/revisions\/188"}],"wp:attachment":[{"href":"http:\/\/www.frida-und-franz.de\/index.php?rest_route=%2Fwp%2Fv2%2Fmedia&parent=179"}],"wp:term":[{"taxonomy":"category","embeddable":true,"href":"http:\/\/www.frida-und-franz.de\/index.php?rest_route=%2Fwp%2Fv2%2Fcategories&post=179"},{"taxonomy":"post_tag","embeddable":true,"href":"http:\/\/www.frida-und-franz.de\/index.php?rest_route=%2Fwp%2Fv2%2Ftags&post=179"}],"curies":[{"name":"wp","href":"https:\/\/api.w.org\/{rel}","templated":true}]}}