{"id":197,"date":"2014-08-23T15:59:58","date_gmt":"2014-08-23T13:59:58","guid":{"rendered":"http:\/\/www.frida-und-franz.de\/?p=197"},"modified":"2014-08-24T11:46:40","modified_gmt":"2014-08-24T09:46:40","slug":"denkerei-baiz-la-boheme-apo-archiv","status":"publish","type":"post","link":"http:\/\/www.frida-und-franz.de\/?p=197","title":{"rendered":"Denkerei | Baiz | La Boheme | APO-Archiv"},"content":{"rendered":"<p>Besuch in der Denkerei Berlin und Gespr\u00e4ch mit Bazon Brock (19.8.); 2 Besuche im Apo-Archiv (21.\/22.8.); Lesung von Gerd Sch\u00f6nfeld, La Boheme (21.8.); Leseb\u00fchnenabend im BAIZ (20.8.); Endlos viele Fahrten mit der S- und Regionalbahn, der U-Bahn, TRAM, Bussen. Au\u00dferdem Irr- und Boots-Fahrten. Und\u00a0Flanieren und viel Lauferei\u00a0&#8230; soweit die Kurz\u00fcbersicht. Nicht zu vergessen: \u00fcber 7 Stunden mit dem Flixbus hin (18.8.)\u00a0und \u00fcber 7 Stunden mit dem Flixbus zur\u00fcck (22.8.). <a href=\"http:\/\/www.frida-und-franz.de\/wp-content\/uploads\/2014\/08\/bazonbrockinderdenkerei3.jpg\"><img loading=\"lazy\" class=\"alignleft wp-image-240\" src=\"http:\/\/www.frida-und-franz.de\/wp-content\/uploads\/2014\/08\/bazonbrockinderdenkerei3.jpg\" alt=\"Bazon Brock\" width=\"600\" height=\"369\" srcset=\"http:\/\/www.frida-und-franz.de\/wp-content\/uploads\/2014\/08\/bazonbrockinderdenkerei3.jpg 700w, http:\/\/www.frida-und-franz.de\/wp-content\/uploads\/2014\/08\/bazonbrockinderdenkerei3-300x184.jpg 300w\" sizes=\"(max-width: 600px) 100vw, 600px\" \/><\/a><\/p>\n<p>&nbsp;<\/p>\n<p>&nbsp;<\/p>\n<p>&nbsp;<\/p>\n","protected":false},"excerpt":{"rendered":"<p>Besuch in der Denkerei Berlin und Gespr\u00e4ch mit Bazon Brock (19.8.); 2 Besuche im Apo-Archiv (21.\/22.8.); Lesung von Gerd Sch\u00f6nfeld, La Boheme (21.8.); Leseb\u00fchnenabend im BAIZ (20.8.); Endlos viele Fahrten mit der S- und Regionalbahn, der U-Bahn, TRAM, Bussen. Au\u00dferdem Irr- und Boots-Fahrten. Und\u00a0Flanieren und viel Lauferei\u00a0&#8230; soweit die Kurz\u00fcbersicht. Nicht zu vergessen: \u00fcber 7 [&hellip;]<\/p>\n","protected":false},"author":1,"featured_media":0,"comment_status":"open","ping_status":"open","sticky":false,"template":"","format":"standard","meta":{"ngg_post_thumbnail":0},"categories":[2,3],"tags":[],"_links":{"self":[{"href":"http:\/\/www.frida-und-franz.de\/index.php?rest_route=\/wp\/v2\/posts\/197"}],"collection":[{"href":"http:\/\/www.frida-und-franz.de\/index.php?rest_route=\/wp\/v2\/posts"}],"about":[{"href":"http:\/\/www.frida-und-franz.de\/index.php?rest_route=\/wp\/v2\/types\/post"}],"author":[{"embeddable":true,"href":"http:\/\/www.frida-und-franz.de\/index.php?rest_route=\/wp\/v2\/users\/1"}],"replies":[{"embeddable":true,"href":"http:\/\/www.frida-und-franz.de\/index.php?rest_route=%2Fwp%2Fv2%2Fcomments&post=197"}],"version-history":[{"count":8,"href":"http:\/\/www.frida-und-franz.de\/index.php?rest_route=\/wp\/v2\/posts\/197\/revisions"}],"predecessor-version":[{"id":245,"href":"http:\/\/www.frida-und-franz.de\/index.php?rest_route=\/wp\/v2\/posts\/197\/revisions\/245"}],"wp:attachment":[{"href":"http:\/\/www.frida-und-franz.de\/index.php?rest_route=%2Fwp%2Fv2%2Fmedia&parent=197"}],"wp:term":[{"taxonomy":"category","embeddable":true,"href":"http:\/\/www.frida-und-franz.de\/index.php?rest_route=%2Fwp%2Fv2%2Fcategories&post=197"},{"taxonomy":"post_tag","embeddable":true,"href":"http:\/\/www.frida-und-franz.de\/index.php?rest_route=%2Fwp%2Fv2%2Ftags&post=197"}],"curies":[{"name":"wp","href":"https:\/\/api.w.org\/{rel}","templated":true}]}}