{"id":249,"date":"2014-09-05T12:51:51","date_gmt":"2014-09-05T10:51:51","guid":{"rendered":"http:\/\/www.frida-und-franz.de\/?p=249"},"modified":"2014-09-07T15:13:52","modified_gmt":"2014-09-07T13:13:52","slug":"es-gibt-ja-unheimlich-viele-buecher","status":"publish","type":"post","link":"http:\/\/www.frida-und-franz.de\/?p=249","title":{"rendered":"es gibt ja unheimlich viele b\u00fccher"},"content":{"rendered":"<div id=\"attachment_255\" style=\"width: 610px\" class=\"wp-caption alignleft\"><a href=\"http:\/\/www.frida-und-franz.de\/wp-content\/uploads\/2014\/09\/karlmarx2014.gif\"><img aria-describedby=\"caption-attachment-255\" loading=\"lazy\" class=\"wp-image-255 size-full\" src=\"http:\/\/www.frida-und-franz.de\/wp-content\/uploads\/2014\/09\/karlmarx2014.gif\" alt=\"karlmarx2014\" width=\"600\" height=\"343\" \/><\/a><p id=\"caption-attachment-255\" class=\"wp-caption-text\">Karl-Marx-Buchhandlung in der Jordanstra\u00dfe in Frankfurt am Main im Jahr 2014<\/p><\/div>\n<p>[<strong>Meine BEOBACHTUNGEN IN DER BUCHHANDLUNG, abgedruckt im B\u00f6rsenblatt f\u00fcr den Deutschen Buchhandel, Nr. 83 vom 17. Oktober 1969.<\/strong>]<\/p>\n<p>ich \u00fcberlege mir wie ich anfange.<\/p>\n<p>man kennt das ja: vom schriftsteller zum verlag. von dort zur buchhandlung. da stehen und liegen die b\u00fccher dann rum. links und rechts in den regalen an den w\u00e4nden.<\/p>\n<p>vorm haus zwei b\u00e4ume und schon hat sich das. ich komme zur t\u00fcr rein und es klingelt. ganz sch\u00f6n st\u00f6rend. ah da kommt schon wer, ein m\u00e4dchen. nein also ich suche nichts bestimmtes. vielleicht kann ich mir &#8230; sie geht wieder.<\/p>\n<p>wenn die musik hier h\u00e4tten. es brauchten ja nicht unbedingt die mothers zu sein wie das glaube ich in hamburg bei der spartakus buchhandlung ist. w\u00e4re wirklich gut.<\/p>\n<p>was seh ich mir denn an. gedichte. na mal abwarten. das mir auch immer geld fehlt. wo sind denn die taschenb\u00fccher? ach da. was heute alles erscheint: direkt doll. und wenn man sich vorstellt: alles aus b\u00e4umen.<\/p>\n<p>ach da gibt&#8217;s ja wieder arno schmidt. ne da\u00df der den karl may unbedingt zum homo machen will. n\u00e4chsten monat m\u00fc\u00dfte ich mir das buch eigentlich kaufen. was habe ich mich ge\u00e4rgert als reich-ranicki den guten schmidt fertig machen wollte. und jetzt das mit peter handke. da kauf ich mir die innenwelt usw. und dann kommt peter hamm und macht ihn mies. son pech. am besten ich verschenke das buch.<\/p>\n<p>schade da\u00df es hier keine u-zeitungen gibt. linkeck oder sowas w\u00e4re doch manchmal. na ja. (aber daf\u00fcr: sterbe-drucksachen werden in dieser buchhandlung innerhalb weniger stunden geliefert. wenigstens etwas.)<\/p>\n<p>also was kaufe ich denn jetzt. was spitzes haben se bei heyne ja immer. mhm mhm.<\/p>\n<p>ach quatsch.<\/p>\n<p>los: arbeiter bilde dich. einf\u00fchrung in das lateinische, so ein bl\u00f6dsinn. 1969 mit latein aufn mond. wenns wenigstens russisch w\u00e4re.<\/p>\n<p>jules verne. machen se ja immer reklame in underground. war arno schmidt nun f\u00fcr oder gegen jules verne? ist bestimmt auch nichts.<\/p>\n<p>was gibt es denn bei rororo. sexologie: vielleicht n\u00e4chstens mal. schon wieder handke. also die hornissen brauchten sie bestimmt nicht noch mal zu drucken. was? degenhardt spiel nicht \u2026 au gut. das nehm ich mal.<\/p>\n<p>ich kenne \u00fcberhaupt keine arbeiter die mal in ner buchhandlung waren. an b\u00fcchern hab ich sowieso kein interesse sagen die. oder sie lassen was von bertelsmann kommen. ganghofer.<\/p>\n<p>nach plakaten kann ich ja mal fragen.<\/p>\n<p>und nun la\u00df ich mir was einfallen.<\/p>\n<p style=\"text-align: right;\"><em>Norbert Sa\u00dfmannshausen<\/em><\/p>\n","protected":false},"excerpt":{"rendered":"<p>[Meine BEOBACHTUNGEN IN DER BUCHHANDLUNG, abgedruckt im B\u00f6rsenblatt f\u00fcr den Deutschen Buchhandel, Nr. 83 vom 17. Oktober 1969.] ich \u00fcberlege mir wie ich anfange. man kennt das ja: vom schriftsteller zum verlag. von dort zur buchhandlung. da stehen und liegen die b\u00fccher dann rum. links und rechts in den regalen an den w\u00e4nden. vorm haus [&hellip;]<\/p>\n","protected":false},"author":1,"featured_media":0,"comment_status":"open","ping_status":"open","sticky":false,"template":"","format":"standard","meta":{"ngg_post_thumbnail":0},"categories":[10,5],"tags":[],"_links":{"self":[{"href":"http:\/\/www.frida-und-franz.de\/index.php?rest_route=\/wp\/v2\/posts\/249"}],"collection":[{"href":"http:\/\/www.frida-und-franz.de\/index.php?rest_route=\/wp\/v2\/posts"}],"about":[{"href":"http:\/\/www.frida-und-franz.de\/index.php?rest_route=\/wp\/v2\/types\/post"}],"author":[{"embeddable":true,"href":"http:\/\/www.frida-und-franz.de\/index.php?rest_route=\/wp\/v2\/users\/1"}],"replies":[{"embeddable":true,"href":"http:\/\/www.frida-und-franz.de\/index.php?rest_route=%2Fwp%2Fv2%2Fcomments&post=249"}],"version-history":[{"count":7,"href":"http:\/\/www.frida-und-franz.de\/index.php?rest_route=\/wp\/v2\/posts\/249\/revisions"}],"predecessor-version":[{"id":257,"href":"http:\/\/www.frida-und-franz.de\/index.php?rest_route=\/wp\/v2\/posts\/249\/revisions\/257"}],"wp:attachment":[{"href":"http:\/\/www.frida-und-franz.de\/index.php?rest_route=%2Fwp%2Fv2%2Fmedia&parent=249"}],"wp:term":[{"taxonomy":"category","embeddable":true,"href":"http:\/\/www.frida-und-franz.de\/index.php?rest_route=%2Fwp%2Fv2%2Fcategories&post=249"},{"taxonomy":"post_tag","embeddable":true,"href":"http:\/\/www.frida-und-franz.de\/index.php?rest_route=%2Fwp%2Fv2%2Ftags&post=249"}],"curies":[{"name":"wp","href":"https:\/\/api.w.org\/{rel}","templated":true}]}}