{"id":258,"date":"2014-09-07T15:18:33","date_gmt":"2014-09-07T13:18:33","guid":{"rendered":"http:\/\/www.frida-und-franz.de\/?p=258"},"modified":"2014-09-07T15:41:41","modified_gmt":"2014-09-07T13:41:41","slug":"danke-baerbel-bimschas-fuer-die-einladung-10-buecher","status":"publish","type":"post","link":"http:\/\/www.frida-und-franz.de\/?p=258","title":{"rendered":"Danke B\u00e4rbel Bimschas f\u00fcr die Einladung. *10 B\u00fccher*"},"content":{"rendered":"<p>Thank you B\u00e4rbel Bimschas for inviting me to the 10 Books Game. Just list ten books that have stayed with you, moved you, or pop to mind. They don&#8217;t have to be great, or fine literature. Tag me and ten friends. Here we go:<\/p>\n<p>Danke B\u00e4rbel Bimschas f\u00fcr die Einladung. *10 B\u00fccher*<\/p>\n<p>So geht&#8217;s: Schreibe zehn B\u00fccher auf, die dir wichtig sind, die dich bewegt, gepackt und irgendwie nicht losgelassen haben. Markiere mich und zehn weitere Freunde.<\/p>\n<p>Ich lade ein \/ I invite:\u00a0&#8230; (Namen\u00a0bislang nicht\u00a0eingetragen &#8230;)<\/p>\n<p><strong><a href=\"http:\/\/www.frida-und-franz.de\/wp-content\/uploads\/2014\/09\/wir-spielen-und-basteln011.jpg\"><img loading=\"lazy\" class=\"alignright wp-image-260 size-medium\" src=\"http:\/\/www.frida-und-franz.de\/wp-content\/uploads\/2014\/09\/wir-spielen-und-basteln011-217x300.jpg\" alt=\"wir spielen und basteln011\" width=\"217\" height=\"300\" srcset=\"http:\/\/www.frida-und-franz.de\/wp-content\/uploads\/2014\/09\/wir-spielen-und-basteln011-217x300.jpg 217w, http:\/\/www.frida-und-franz.de\/wp-content\/uploads\/2014\/09\/wir-spielen-und-basteln011.jpg 450w\" sizes=\"(max-width: 217px) 100vw, 217px\" \/><\/a>Franz Jung, Der Weg nach unten<\/strong><\/p>\n<p><strong>Heinrich Heine, Das Buch der Lieder<\/strong><\/p>\n<p><strong>Herman Melville, Moby-Dick oder: Der Wal<\/strong><\/p>\n<p><strong>Hrsg. von Gert Lindner, Wir spielen und basteln<\/strong><\/p>\n<p><strong>Karl May, Winnetou I oder III<\/strong><\/p>\n<p><strong>Thomas Mann, Dr. Faustus<\/strong><\/p>\n<p><strong>Laurence Sterne, Das Leben und die Ansichten Tristam Shandys<\/strong><\/p>\n<p><strong>Mary McCarty, Die Clique<\/strong><\/p>\n<p><strong>Karl Marx, Lohnarbeit und Kapital<\/strong><\/p>\n<p><strong>Uli Becker, Dass ich nicht lache<\/strong><\/p>\n<p><a href=\"http:\/\/www.frida-und-franz.de\/wp-content\/uploads\/2014\/09\/wir-uli-becker-dass-ich-nicht-lache012.jpg\"><img loading=\"lazy\" class=\"alignleft size-medium wp-image-267\" src=\"http:\/\/www.frida-und-franz.de\/wp-content\/uploads\/2014\/09\/wir-uli-becker-dass-ich-nicht-lache012-217x300.jpg\" alt=\"wir uli becker dass ich nicht lache012\" width=\"217\" height=\"300\" srcset=\"http:\/\/www.frida-und-franz.de\/wp-content\/uploads\/2014\/09\/wir-uli-becker-dass-ich-nicht-lache012-217x300.jpg 217w, http:\/\/www.frida-und-franz.de\/wp-content\/uploads\/2014\/09\/wir-uli-becker-dass-ich-nicht-lache012.jpg 450w\" sizes=\"(max-width: 217px) 100vw, 217px\" \/><\/a><a href=\"http:\/\/www.frida-und-franz.de\/wp-content\/uploads\/2014\/09\/sterne-tristam013.jpg\"><img loading=\"lazy\" class=\"alignleft size-medium wp-image-265\" src=\"http:\/\/www.frida-und-franz.de\/wp-content\/uploads\/2014\/09\/sterne-tristam013-236x300.jpg\" alt=\"sterne tristam013\" width=\"236\" height=\"300\" srcset=\"http:\/\/www.frida-und-franz.de\/wp-content\/uploads\/2014\/09\/sterne-tristam013-236x300.jpg 236w, http:\/\/www.frida-und-franz.de\/wp-content\/uploads\/2014\/09\/sterne-tristam013.jpg 402w\" sizes=\"(max-width: 236px) 100vw, 236px\" \/><\/a><\/p>\n<p><a href=\"http:\/\/www.frida-und-franz.de\/wp-content\/uploads\/2014\/09\/heine-buch-der-lieder015.jpg\"><img loading=\"lazy\" class=\"alignleft size-medium wp-image-262\" src=\"http:\/\/www.frida-und-franz.de\/wp-content\/uploads\/2014\/09\/heine-buch-der-lieder015-186x300.jpg\" alt=\"heine buch der lieder015\" width=\"186\" height=\"300\" srcset=\"http:\/\/www.frida-und-franz.de\/wp-content\/uploads\/2014\/09\/heine-buch-der-lieder015-186x300.jpg 186w, http:\/\/www.frida-und-franz.de\/wp-content\/uploads\/2014\/09\/heine-buch-der-lieder015.jpg 329w\" sizes=\"(max-width: 186px) 100vw, 186px\" \/><\/a><a href=\"http:\/\/www.frida-und-franz.de\/wp-content\/uploads\/2014\/09\/franz-jung-der-weg-nach014.jpg\"><img loading=\"lazy\" class=\"alignleft size-medium wp-image-263\" src=\"http:\/\/www.frida-und-franz.de\/wp-content\/uploads\/2014\/09\/franz-jung-der-weg-nach014-183x300.jpg\" alt=\"franz jung der weg nach014\" width=\"183\" height=\"300\" srcset=\"http:\/\/www.frida-und-franz.de\/wp-content\/uploads\/2014\/09\/franz-jung-der-weg-nach014-183x300.jpg 183w, http:\/\/www.frida-und-franz.de\/wp-content\/uploads\/2014\/09\/franz-jung-der-weg-nach014.jpg 361w\" sizes=\"(max-width: 183px) 100vw, 183px\" \/><\/a><\/p>\n","protected":false},"excerpt":{"rendered":"<p>Thank you B\u00e4rbel Bimschas for inviting me to the 10 Books Game. Just list ten books that have stayed with you, moved you, or pop to mind. They don&#8217;t have to be great, or fine literature. Tag me and ten friends. Here we go: Danke B\u00e4rbel Bimschas f\u00fcr die Einladung. *10 B\u00fccher* So geht&#8217;s: Schreibe [&hellip;]<\/p>\n","protected":false},"author":1,"featured_media":0,"comment_status":"open","ping_status":"open","sticky":false,"template":"","format":"standard","meta":{"ngg_post_thumbnail":0},"categories":[2,5],"tags":[],"_links":{"self":[{"href":"http:\/\/www.frida-und-franz.de\/index.php?rest_route=\/wp\/v2\/posts\/258"}],"collection":[{"href":"http:\/\/www.frida-und-franz.de\/index.php?rest_route=\/wp\/v2\/posts"}],"about":[{"href":"http:\/\/www.frida-und-franz.de\/index.php?rest_route=\/wp\/v2\/types\/post"}],"author":[{"embeddable":true,"href":"http:\/\/www.frida-und-franz.de\/index.php?rest_route=\/wp\/v2\/users\/1"}],"replies":[{"embeddable":true,"href":"http:\/\/www.frida-und-franz.de\/index.php?rest_route=%2Fwp%2Fv2%2Fcomments&post=258"}],"version-history":[{"count":5,"href":"http:\/\/www.frida-und-franz.de\/index.php?rest_route=\/wp\/v2\/posts\/258\/revisions"}],"predecessor-version":[{"id":268,"href":"http:\/\/www.frida-und-franz.de\/index.php?rest_route=\/wp\/v2\/posts\/258\/revisions\/268"}],"wp:attachment":[{"href":"http:\/\/www.frida-und-franz.de\/index.php?rest_route=%2Fwp%2Fv2%2Fmedia&parent=258"}],"wp:term":[{"taxonomy":"category","embeddable":true,"href":"http:\/\/www.frida-und-franz.de\/index.php?rest_route=%2Fwp%2Fv2%2Fcategories&post=258"},{"taxonomy":"post_tag","embeddable":true,"href":"http:\/\/www.frida-und-franz.de\/index.php?rest_route=%2Fwp%2Fv2%2Ftags&post=258"}],"curies":[{"name":"wp","href":"https:\/\/api.w.org\/{rel}","templated":true}]}}