{"id":279,"date":"2014-09-18T14:06:09","date_gmt":"2014-09-18T12:06:09","guid":{"rendered":"http:\/\/www.frida-und-franz.de\/?p=279"},"modified":"2014-09-21T15:15:58","modified_gmt":"2014-09-21T13:15:58","slug":"mangelware-intellektuelle","status":"publish","type":"post","link":"http:\/\/www.frida-und-franz.de\/?p=279","title":{"rendered":"Mangelware: Intellektuelle in Frankfurt"},"content":{"rendered":"<p>Gestern oder vorgestern. Herbstliche Sonne in der Schillerstra\u00dfe. Nach dem Gespr\u00e4ch \u00fcber Steuerangelegenheiten richtet C. H. die Frage an mich: &#8222;Wer sind die bedeutendsten\u00a0drei \u00a0Intellektuellen heute in Frankfurt?&#8220; Tja, antworte ich, einer ist ja gerade gestorben: Schirrmacher. C. H.: &#8222;Und sonst, wer sonst?&#8220; Ich weiche aus. C. H.: &#8222;Da war doch, wie hie\u00df er noch gleich, sein Buch <em>Deutschland schafft sich ab.<\/em> &#8230;&#8220;Mein Ged\u00e4chtnis verweigert die Antwort. C. H. schl\u00e4gt im iPhone nach: &#8222;Sarrazin. Wohnt der in Frankfurt?&#8220; &#8211; Ich verneine. C.H. schl\u00e4gt nun Habermas vor. Wieder verweigere ich und verweise auf Starnberg. Er sei, relativiert C. H. seinen Vorschlag, auch schon sehr alt. Und der Suhrkamp Verlag ist auch in Berlin. C. H. schwingt sich auf sein Fahrrad. Ich bleibe noch sitzen.<\/p>\n","protected":false},"excerpt":{"rendered":"<p>Gestern oder vorgestern. Herbstliche Sonne in der Schillerstra\u00dfe. Nach dem Gespr\u00e4ch \u00fcber Steuerangelegenheiten richtet C. H. die Frage an mich: &#8222;Wer sind die bedeutendsten\u00a0drei \u00a0Intellektuellen heute in Frankfurt?&#8220; Tja, antworte ich, einer ist ja gerade gestorben: Schirrmacher. C. H.: &#8222;Und sonst, wer sonst?&#8220; Ich weiche aus. C. H.: &#8222;Da war doch, wie hie\u00df er noch [&hellip;]<\/p>\n","protected":false},"author":1,"featured_media":0,"comment_status":"open","ping_status":"open","sticky":false,"template":"","format":"standard","meta":{"ngg_post_thumbnail":0},"categories":[4],"tags":[],"_links":{"self":[{"href":"http:\/\/www.frida-und-franz.de\/index.php?rest_route=\/wp\/v2\/posts\/279"}],"collection":[{"href":"http:\/\/www.frida-und-franz.de\/index.php?rest_route=\/wp\/v2\/posts"}],"about":[{"href":"http:\/\/www.frida-und-franz.de\/index.php?rest_route=\/wp\/v2\/types\/post"}],"author":[{"embeddable":true,"href":"http:\/\/www.frida-und-franz.de\/index.php?rest_route=\/wp\/v2\/users\/1"}],"replies":[{"embeddable":true,"href":"http:\/\/www.frida-und-franz.de\/index.php?rest_route=%2Fwp%2Fv2%2Fcomments&post=279"}],"version-history":[{"count":7,"href":"http:\/\/www.frida-und-franz.de\/index.php?rest_route=\/wp\/v2\/posts\/279\/revisions"}],"predecessor-version":[{"id":325,"href":"http:\/\/www.frida-und-franz.de\/index.php?rest_route=\/wp\/v2\/posts\/279\/revisions\/325"}],"wp:attachment":[{"href":"http:\/\/www.frida-und-franz.de\/index.php?rest_route=%2Fwp%2Fv2%2Fmedia&parent=279"}],"wp:term":[{"taxonomy":"category","embeddable":true,"href":"http:\/\/www.frida-und-franz.de\/index.php?rest_route=%2Fwp%2Fv2%2Fcategories&post=279"},{"taxonomy":"post_tag","embeddable":true,"href":"http:\/\/www.frida-und-franz.de\/index.php?rest_route=%2Fwp%2Fv2%2Ftags&post=279"}],"curies":[{"name":"wp","href":"https:\/\/api.w.org\/{rel}","templated":true}]}}