{"id":280,"date":"2014-09-12T18:04:04","date_gmt":"2014-09-12T16:04:04","guid":{"rendered":"http:\/\/www.frida-und-franz.de\/?p=280"},"modified":"2014-09-14T11:54:33","modified_gmt":"2014-09-14T09:54:33","slug":"der-herr-stadtteilhistoriker-macht-sich-mal-wieder-wichtig","status":"publish","type":"post","link":"http:\/\/www.frida-und-franz.de\/?p=280","title":{"rendered":"Der polymorphperverse Basisfetischist. Oder: Der Herr Stadtteilhistoriker macht sich mal wieder wichtig"},"content":{"rendered":"<p><a href=\"http:\/\/www.frida-und-franz.de\/wp-content\/uploads\/2014\/09\/sb_info_b\u00fcroklammer-nullnummer.jpg\"><img loading=\"lazy\" class=\"alignnone wp-image-281\" src=\"http:\/\/www.frida-und-franz.de\/wp-content\/uploads\/2014\/09\/sb_info_b\u00fcroklammer-nullnummer.jpg\" alt=\"sb_info_b\u00fcroklammer-nullnummer\" width=\"290\" height=\"402\" srcset=\"http:\/\/www.frida-und-franz.de\/wp-content\/uploads\/2014\/09\/sb_info_b\u00fcroklammer-nullnummer.jpg 300w, http:\/\/www.frida-und-franz.de\/wp-content\/uploads\/2014\/09\/sb_info_b\u00fcroklammer-nullnummer-216x300.jpg 216w\" sizes=\"(max-width: 290px) 100vw, 290px\" \/><\/a><a href=\"http:\/\/www.frida-und-franz.de\/wp-content\/uploads\/2014\/09\/sb_info_b\u00fcroklammer-nr11.jpg\"><img loading=\"lazy\" class=\"alignnone wp-image-284\" src=\"http:\/\/www.frida-und-franz.de\/wp-content\/uploads\/2014\/09\/sb_info_b\u00fcroklammer-nr11.jpg\" alt=\"sb_info_b\u00fcroklammer-nr1\" width=\"290\" height=\"402\" srcset=\"http:\/\/www.frida-und-franz.de\/wp-content\/uploads\/2014\/09\/sb_info_b\u00fcroklammer-nr11.jpg 300w, http:\/\/www.frida-und-franz.de\/wp-content\/uploads\/2014\/09\/sb_info_b\u00fcroklammer-nr11-216x300.jpg 216w\" sizes=\"(max-width: 290px) 100vw, 290px\" \/><\/a> <a href=\"http:\/\/www.frida-und-franz.de\/wp-content\/uploads\/2014\/09\/sb_info_b\u00fcroklamme_nr2.jpg\"><img loading=\"lazy\" class=\"alignnone wp-image-285\" src=\"http:\/\/www.frida-und-franz.de\/wp-content\/uploads\/2014\/09\/sb_info_b\u00fcroklamme_nr2.jpg\" alt=\"sb_info_b\u00fcroklamme_nr2\" width=\"295\" height=\"409\" srcset=\"http:\/\/www.frida-und-franz.de\/wp-content\/uploads\/2014\/09\/sb_info_b\u00fcroklamme_nr2.jpg 300w, http:\/\/www.frida-und-franz.de\/wp-content\/uploads\/2014\/09\/sb_info_b\u00fcroklamme_nr2-216x300.jpg 216w\" sizes=\"(max-width: 295px) 100vw, 295px\" \/><\/a><a href=\"http:\/\/www.frida-und-franz.de\/wp-content\/uploads\/2014\/09\/sb_info_b\u00fcroklammer-nr3.jpg\"><img loading=\"lazy\" class=\"alignnone wp-image-286\" src=\"http:\/\/www.frida-und-franz.de\/wp-content\/uploads\/2014\/09\/sb_info_b\u00fcroklammer-nr3-216x300.jpg\" alt=\"sb_info_b\u00fcroklammer-nr3\" width=\"295\" height=\"409\" srcset=\"http:\/\/www.frida-und-franz.de\/wp-content\/uploads\/2014\/09\/sb_info_b\u00fcroklammer-nr3-216x300.jpg 216w, http:\/\/www.frida-und-franz.de\/wp-content\/uploads\/2014\/09\/sb_info_b\u00fcroklammer-nr3.jpg 300w\" sizes=\"(max-width: 295px) 100vw, 295px\" \/><\/a><\/p>\n<p>Nachdem die Einladung zum Spontifest 2014 (Ende September) eintraf war es doch auch Zeit an dieser Stelle an diese Zeiten zu erinnern. Wenn ich mich recht erinnere kam der Titel-Vorschlag &#8222;Der polymorphperverse Basisfetischist&#8220; f\u00fcr das Info des Frankfurter SB von Micha Brumlik (oder von Peter M\u00fcller?). Die Redaktion des Info tagte jedenfalls in Michas Wohnung &#8222;Auf der K\u00f6rnerwiese&#8220; und der Titel wurde, nach der ersten Ausgabe (Null-Nummer ohne Titel) abgel\u00f6st von der &#8222;B\u00fcroklammer&#8220;.<\/p>\n","protected":false},"excerpt":{"rendered":"<p>Nachdem die Einladung zum Spontifest 2014 (Ende September) eintraf war es doch auch Zeit an dieser Stelle an diese Zeiten zu erinnern. Wenn ich mich recht erinnere kam der Titel-Vorschlag &#8222;Der polymorphperverse Basisfetischist&#8220; f\u00fcr das Info des Frankfurter SB von Micha Brumlik (oder von Peter M\u00fcller?). Die Redaktion des Info tagte jedenfalls in Michas Wohnung [&hellip;]<\/p>\n","protected":false},"author":1,"featured_media":0,"comment_status":"open","ping_status":"open","sticky":false,"template":"","format":"standard","meta":{"ngg_post_thumbnail":0},"categories":[1,5],"tags":[],"_links":{"self":[{"href":"http:\/\/www.frida-und-franz.de\/index.php?rest_route=\/wp\/v2\/posts\/280"}],"collection":[{"href":"http:\/\/www.frida-und-franz.de\/index.php?rest_route=\/wp\/v2\/posts"}],"about":[{"href":"http:\/\/www.frida-und-franz.de\/index.php?rest_route=\/wp\/v2\/types\/post"}],"author":[{"embeddable":true,"href":"http:\/\/www.frida-und-franz.de\/index.php?rest_route=\/wp\/v2\/users\/1"}],"replies":[{"embeddable":true,"href":"http:\/\/www.frida-und-franz.de\/index.php?rest_route=%2Fwp%2Fv2%2Fcomments&post=280"}],"version-history":[{"count":20,"href":"http:\/\/www.frida-und-franz.de\/index.php?rest_route=\/wp\/v2\/posts\/280\/revisions"}],"predecessor-version":[{"id":317,"href":"http:\/\/www.frida-und-franz.de\/index.php?rest_route=\/wp\/v2\/posts\/280\/revisions\/317"}],"wp:attachment":[{"href":"http:\/\/www.frida-und-franz.de\/index.php?rest_route=%2Fwp%2Fv2%2Fmedia&parent=280"}],"wp:term":[{"taxonomy":"category","embeddable":true,"href":"http:\/\/www.frida-und-franz.de\/index.php?rest_route=%2Fwp%2Fv2%2Fcategories&post=280"},{"taxonomy":"post_tag","embeddable":true,"href":"http:\/\/www.frida-und-franz.de\/index.php?rest_route=%2Fwp%2Fv2%2Ftags&post=280"}],"curies":[{"name":"wp","href":"https:\/\/api.w.org\/{rel}","templated":true}]}}