{"id":29,"date":"2014-01-25T13:45:28","date_gmt":"2014-01-25T11:45:28","guid":{"rendered":"http:\/\/www.frida-und-franz.de\/?p=29"},"modified":"2014-02-15T15:43:58","modified_gmt":"2014-02-15T13:43:58","slug":"eulenbar","status":"publish","type":"post","link":"http:\/\/www.frida-und-franz.de\/?p=29","title":{"rendered":"Eulenbar"},"content":{"rendered":"<header>\n<h1><span style=\"line-height: 1.5em; font-size: 14px;\">Die Ged\u00e4chtnisleistung nimmt im Alter ab. Erinnerungsfetzen liegen lose herum, f\u00fcgen sich nicht mehr zusammen, gehen schliesslich ganz verloren. Wir haben D\u00e9j\u00e0-vu-Erlebnisse, begradigen und besch\u00f6nigen unsere Vergangenheit, wundern uns \u00fcber tempor\u00e4re geistige Aussetzer, zweifeln am Wahrheitsgehalt von Zeugenaussagen, h\u00f6ren von der rasanten Zunahme von Alzheimer-Patienten und haben irgendwie noch immer das Gef\u00fchl, unser Ged\u00e4chtnis sei eine riesige Bibliothek.<\/span><\/h1>\n<\/header>\n<div>\n<p><cite title=\"siehe www.bomongo.de, 2004\">Wobei ich mich nicht erinnern kann, ob ich diesen Text nicht bereits gebloggt habe?!<\/cite><\/p>\n<p>Siehe auch: <a href=\"http:\/\/www.bomongo.de\/?p=115\" target=\"_blank\">BOMONGO.DE<\/a> im Jahr 2004. <!--more-->Der Vollst\u00e4ndigkeit halber: Der Beitrag ist ein Zitat und geh\u00f6rt zu dem Buch von Douwe Draaisma.<a href=\"http:\/\/www.frida-und-franz.de\/wp-content\/uploads\/2014\/01\/erinnerung.jpg\"><img loading=\"lazy\" class=\"size-full wp-image-37 alignleft\" style=\"margin: 4px;\" alt=\"erinnerung\" src=\"http:\/\/www.frida-und-franz.de\/wp-content\/uploads\/2014\/01\/erinnerung.jpg\" width=\"316\" height=\"500\" srcset=\"http:\/\/www.frida-und-franz.de\/wp-content\/uploads\/2014\/01\/erinnerung.jpg 316w, http:\/\/www.frida-und-franz.de\/wp-content\/uploads\/2014\/01\/erinnerung-189x300.jpg 189w\" sizes=\"(max-width: 316px) 100vw, 316px\" \/><\/a><\/p>\n<\/div>\n","protected":false},"excerpt":{"rendered":"<p>Die Ged\u00e4chtnisleistung nimmt im Alter ab. Erinnerungsfetzen liegen lose herum, f\u00fcgen sich nicht mehr zusammen, gehen schliesslich ganz verloren. Wir haben D\u00e9j\u00e0-vu-Erlebnisse, begradigen und besch\u00f6nigen unsere Vergangenheit, wundern uns \u00fcber tempor\u00e4re geistige Aussetzer, zweifeln am Wahrheitsgehalt von Zeugenaussagen, h\u00f6ren von der rasanten Zunahme von Alzheimer-Patienten und haben irgendwie noch immer das Gef\u00fchl, unser Ged\u00e4chtnis sei [&hellip;]<\/p>\n","protected":false},"author":1,"featured_media":0,"comment_status":"open","ping_status":"open","sticky":false,"template":"","format":"standard","meta":{"ngg_post_thumbnail":0},"categories":[1],"tags":[],"_links":{"self":[{"href":"http:\/\/www.frida-und-franz.de\/index.php?rest_route=\/wp\/v2\/posts\/29"}],"collection":[{"href":"http:\/\/www.frida-und-franz.de\/index.php?rest_route=\/wp\/v2\/posts"}],"about":[{"href":"http:\/\/www.frida-und-franz.de\/index.php?rest_route=\/wp\/v2\/types\/post"}],"author":[{"embeddable":true,"href":"http:\/\/www.frida-und-franz.de\/index.php?rest_route=\/wp\/v2\/users\/1"}],"replies":[{"embeddable":true,"href":"http:\/\/www.frida-und-franz.de\/index.php?rest_route=%2Fwp%2Fv2%2Fcomments&post=29"}],"version-history":[{"count":9,"href":"http:\/\/www.frida-und-franz.de\/index.php?rest_route=\/wp\/v2\/posts\/29\/revisions"}],"predecessor-version":[{"id":42,"href":"http:\/\/www.frida-und-franz.de\/index.php?rest_route=\/wp\/v2\/posts\/29\/revisions\/42"}],"wp:attachment":[{"href":"http:\/\/www.frida-und-franz.de\/index.php?rest_route=%2Fwp%2Fv2%2Fmedia&parent=29"}],"wp:term":[{"taxonomy":"category","embeddable":true,"href":"http:\/\/www.frida-und-franz.de\/index.php?rest_route=%2Fwp%2Fv2%2Fcategories&post=29"},{"taxonomy":"post_tag","embeddable":true,"href":"http:\/\/www.frida-und-franz.de\/index.php?rest_route=%2Fwp%2Fv2%2Ftags&post=29"}],"curies":[{"name":"wp","href":"https:\/\/api.w.org\/{rel}","templated":true}]}}