{"id":34,"date":"2014-02-14T03:34:29","date_gmt":"2014-02-14T01:34:29","guid":{"rendered":"http:\/\/www.frida-und-franz.de\/?p=34"},"modified":"2014-02-14T03:34:29","modified_gmt":"2014-02-14T01:34:29","slug":"13-februar-freitag","status":"publish","type":"post","link":"http:\/\/www.frida-und-franz.de\/?p=34","title":{"rendered":"13. Februar, Freitag"},"content":{"rendered":"<p><cite>Am 24. Dezember 1969 erfolgt die Urteilsverk\u00fcndigung im Senghor-Prozess: Jeweils ein Jahr und neun Monate Gef\u00e4ngnis f\u00fcr Hans-J\u00fcrgen Krahl, G\u00fcnter Amendt und KD Wolff wegen Aufruhr, Landfriedensbruch und R\u00e4delsf\u00fchrerschaft. Das Strafma\u00df soll, so der Gerichtsvorsitzende, einem &#8222;\u00dcberhandnehmen der Anarchie&#8220; in der Bundesrepublik Deutschland entgegenwirken und &#8222;generalpr\u00e4ventiven Charakter&#8220; haben. \u00dcber Weihnachten ist Krahl, wie in jedem Jahr, in Hannover bei den Eltern.<\/cite><\/p>\n<p><cite>Auf einer Fahrt von Frankfurt zu einer Paderborner Gruppe kommt Hans-J\u00fcrgen Krahl am 13. Februar 1970 bei einem Unfall ums Leben. Bei Glatteis auf der Bundesstra\u00dfe 252 in der N\u00e4he des Ortes Wrexen bei Arolsen st\u00f6\u00dft das Auto, in dem Krahl mit vier Mitfahrern als Beifahrer sitzt, mit einem LKW zusammen. Krahl ist sofort tot. Im Krankenhaus stirbt der ebenfalls im Fahrzeug sitzende Franz-Josef Bevermeier. Der Fahrer des Wagens sowie Dalia Moneta und Carl Hegemann \u00fcberleben den Unfall schwer verletzt.<\/cite><\/p>\n<p>Quelle: Hans-J\u00fcrgen Krahl, Konstitution und Klassenkampf, Biographische Skizze von Norbert Sa\u00dfmannshausen in der 5. Auflage (2008), Verlag Neue Kritik, Frankfurt<\/p>\n","protected":false},"excerpt":{"rendered":"<p>Am 24. Dezember 1969 erfolgt die Urteilsverk\u00fcndigung im Senghor-Prozess: Jeweils ein Jahr und neun Monate Gef\u00e4ngnis f\u00fcr Hans-J\u00fcrgen Krahl, G\u00fcnter Amendt und KD Wolff wegen Aufruhr, Landfriedensbruch und R\u00e4delsf\u00fchrerschaft. Das Strafma\u00df soll, so der Gerichtsvorsitzende, einem &#8222;\u00dcberhandnehmen der Anarchie&#8220; in der Bundesrepublik Deutschland entgegenwirken und &#8222;generalpr\u00e4ventiven Charakter&#8220; haben. \u00dcber Weihnachten ist Krahl, wie in jedem [&hellip;]<\/p>\n","protected":false},"author":1,"featured_media":0,"comment_status":"open","ping_status":"open","sticky":false,"template":"","format":"standard","meta":{"ngg_post_thumbnail":0},"categories":[1],"tags":[],"_links":{"self":[{"href":"http:\/\/www.frida-und-franz.de\/index.php?rest_route=\/wp\/v2\/posts\/34"}],"collection":[{"href":"http:\/\/www.frida-und-franz.de\/index.php?rest_route=\/wp\/v2\/posts"}],"about":[{"href":"http:\/\/www.frida-und-franz.de\/index.php?rest_route=\/wp\/v2\/types\/post"}],"author":[{"embeddable":true,"href":"http:\/\/www.frida-und-franz.de\/index.php?rest_route=\/wp\/v2\/users\/1"}],"replies":[{"embeddable":true,"href":"http:\/\/www.frida-und-franz.de\/index.php?rest_route=%2Fwp%2Fv2%2Fcomments&post=34"}],"version-history":[{"count":1,"href":"http:\/\/www.frida-und-franz.de\/index.php?rest_route=\/wp\/v2\/posts\/34\/revisions"}],"predecessor-version":[{"id":35,"href":"http:\/\/www.frida-und-franz.de\/index.php?rest_route=\/wp\/v2\/posts\/34\/revisions\/35"}],"wp:attachment":[{"href":"http:\/\/www.frida-und-franz.de\/index.php?rest_route=%2Fwp%2Fv2%2Fmedia&parent=34"}],"wp:term":[{"taxonomy":"category","embeddable":true,"href":"http:\/\/www.frida-und-franz.de\/index.php?rest_route=%2Fwp%2Fv2%2Fcategories&post=34"},{"taxonomy":"post_tag","embeddable":true,"href":"http:\/\/www.frida-und-franz.de\/index.php?rest_route=%2Fwp%2Fv2%2Ftags&post=34"}],"curies":[{"name":"wp","href":"https:\/\/api.w.org\/{rel}","templated":true}]}}