{"id":378,"date":"2014-10-06T18:24:56","date_gmt":"2014-10-06T16:24:56","guid":{"rendered":"http:\/\/www.frida-und-franz.de\/?p=378"},"modified":"2014-10-06T20:01:43","modified_gmt":"2014-10-06T18:01:43","slug":"unterwegs-in-der-stadt","status":"publish","type":"post","link":"http:\/\/www.frida-und-franz.de\/?p=378","title":{"rendered":"Unterwegs in der Stadt."},"content":{"rendered":"<p>Kurz nach 3 aus dem Haus. Vielleicht ist ein Gesch\u00e4ftstermin noch m\u00f6glich. Zun\u00e4chst, auf dem Weg zur U-Bahn: Peter. Etwas umst\u00e4ndlich, um nicht seine Aufmerksamkeit zu erregen, den Fotoapparat in alle Himmelsrichtungen wenden. Er hat\u00b4s bemerkt. Ich versuche durch demonstrative Umst\u00e4ndlichkeit meine voyeuristische Spur zu verwischen, gr\u00fc\u00dfe ihn beim vorbeigehen nur fahrig. Entschuldigung! Der Anruf auf dem Bahnsteig bringt die Info: Der Termin ist heute nicht mehr m\u00f6glich. Dennoch fahre ich in die Stadt &#8211; ohne Ziel. Vielleicht eine Fahrt mit der 11? Ausgangspunkt ist schlie\u00dflich die B-Ebene: Wie \u00f6ffnet man das Gitter vor dem Tor bei der Nummer 31. Ah, da. Nach oben. Da kommt Bodo Kirchhof auf dem Fahrrad, in schwarz, umh\u00fcllt von einem schwarzen Mantel. Richtung Gutenberg-Denkmal die Eing\u00e4nge oder Ausg\u00e4nge der Bar 60311. Die Bar ist geschlossen. Fotos von allen Seiten. Da, vor mir, Wilhelm Genazino. Wir gr\u00fc\u00dfen uns, ich gebe ihm die Hand. Wir reden: \u00dcber die H\u00e4\u00dflichkeit, den Zerfall, die Gew\u00f6hnung daran. Wir vergleichen die Armut und das Elend. Damals, in der Nachkriegszeit, die vielen Einarmigen, Einbeinigen. &#8222;Die leere Stelle dort, wo das Bein war&#8220; &#8211; das umgen\u00e4hte Hosenbein. So als w\u00fcrde das Bein wieder nachwachsen und das Hosenbein noch gebraucht. Oder der eng anliegende Arm der Anzugsjacke. Wir reden \u00fcber alles, \u00fcber diese Reste in der Stadt, wie die Eing\u00e4nge zum &#8222;U60311&#8220;, die wie vergessen scheinen. &#8222;Wahrscheinlich sind sie bereits vergessen.&#8220;<\/p>\n<p>Auf Wiedersehen. Am Seiteneingang des Frankfurter Hof ein gro\u00dfes Polizeiaufgebot. Motorradstaffeln?! Wer tagt dort? Meine Geduld wird nicht belohnt. \u00dcber die Berliner Stra\u00dfe &#8211; den Brentanoweg folgend (den H\u00f6lderlinPfad hatte ich ja schon eben). Der Bundesrechnungshof erinnert intensiv an den Bahnhof von Sa\u00dfmannshausen.<\/p>\n<p>Blicke zur\u00fcck. [&#8230;] Das historische Museum, eingepackt in Baumaschinen. Die Beflaggung k\u00fcndigt die Buchmesse an. Ah, keine Hochzeit, aber\u00a03 elegant und feierlich gekleidete Herren. Sie spielen nachher im R\u00f6mer, haben ihre Instrumente eingerichtet: Ich darf noch ein Foto machen? Gerne.<\/p>\n<p><a href=\"http:\/\/www.frida-und-franz.de\/wp-content\/uploads\/2014\/10\/derclub1.jpg\"><img loading=\"lazy\" class=\"alignleft size-full wp-image-381\" src=\"http:\/\/www.frida-und-franz.de\/wp-content\/uploads\/2014\/10\/derclub1.jpg\" alt=\"derclub1\" width=\"600\" height=\"450\" srcset=\"http:\/\/www.frida-und-franz.de\/wp-content\/uploads\/2014\/10\/derclub1.jpg 600w, http:\/\/www.frida-und-franz.de\/wp-content\/uploads\/2014\/10\/derclub1-300x225.jpg 300w\" sizes=\"(max-width: 600px) 100vw, 600px\" \/><\/a><a href=\"http:\/\/www.frida-und-franz.de\/wp-content\/uploads\/2014\/10\/derclub2_indringendenf\u00e4llen.jpg\"><img loading=\"lazy\" class=\"alignleft size-full wp-image-382\" src=\"http:\/\/www.frida-und-franz.de\/wp-content\/uploads\/2014\/10\/derclub2_indringendenf\u00e4llen.jpg\" alt=\"derclub2_indringendenf\u00e4llen\" width=\"600\" height=\"347\" srcset=\"http:\/\/www.frida-und-franz.de\/wp-content\/uploads\/2014\/10\/derclub2_indringendenf\u00e4llen.jpg 600w, http:\/\/www.frida-und-franz.de\/wp-content\/uploads\/2014\/10\/derclub2_indringendenf\u00e4llen-300x173.jpg 300w\" sizes=\"(max-width: 600px) 100vw, 600px\" \/><\/a><a href=\"http:\/\/www.frida-und-franz.de\/wp-content\/uploads\/2014\/10\/derclub3_h\u00f6lderlin.jpg\"><img loading=\"lazy\" class=\"alignleft size-full wp-image-383\" src=\"http:\/\/www.frida-und-franz.de\/wp-content\/uploads\/2014\/10\/derclub3_h\u00f6lderlin.jpg\" alt=\"derclub3_h\u00f6lderlin\" width=\"600\" height=\"743\" srcset=\"http:\/\/www.frida-und-franz.de\/wp-content\/uploads\/2014\/10\/derclub3_h\u00f6lderlin.jpg 600w, http:\/\/www.frida-und-franz.de\/wp-content\/uploads\/2014\/10\/derclub3_h\u00f6lderlin-242x300.jpg 242w\" sizes=\"(max-width: 600px) 100vw, 600px\" \/><\/a><a href=\"http:\/\/www.frida-und-franz.de\/wp-content\/uploads\/2014\/10\/derclub4_blickaufdiehauptwache.jpg\"><img loading=\"lazy\" class=\"alignleft size-full wp-image-384\" src=\"http:\/\/www.frida-und-franz.de\/wp-content\/uploads\/2014\/10\/derclub4_blickaufdiehauptwache.jpg\" alt=\"derclub4_blickaufdiehauptwache\" width=\"600\" height=\"628\" srcset=\"http:\/\/www.frida-und-franz.de\/wp-content\/uploads\/2014\/10\/derclub4_blickaufdiehauptwache.jpg 600w, http:\/\/www.frida-und-franz.de\/wp-content\/uploads\/2014\/10\/derclub4_blickaufdiehauptwache-286x300.jpg 286w\" sizes=\"(max-width: 600px) 100vw, 600px\" \/><\/a><a href=\"http:\/\/www.frida-und-franz.de\/wp-content\/uploads\/2014\/10\/genazino_geht.jpg\"><img loading=\"lazy\" class=\"alignleft size-full wp-image-385\" src=\"http:\/\/www.frida-und-franz.de\/wp-content\/uploads\/2014\/10\/genazino_geht.jpg\" alt=\"genazino_geht\" width=\"600\" height=\"645\" srcset=\"http:\/\/www.frida-und-franz.de\/wp-content\/uploads\/2014\/10\/genazino_geht.jpg 600w, http:\/\/www.frida-und-franz.de\/wp-content\/uploads\/2014\/10\/genazino_geht-279x300.jpg 279w\" sizes=\"(max-width: 600px) 100vw, 600px\" \/><\/a><a href=\"http:\/\/www.frida-und-franz.de\/wp-content\/uploads\/2014\/10\/frankfurterhof.jpg\"><img loading=\"lazy\" class=\"alignleft size-full wp-image-386\" src=\"http:\/\/www.frida-und-franz.de\/wp-content\/uploads\/2014\/10\/frankfurterhof.jpg\" alt=\"frankfurterhof\" width=\"600\" height=\"508\" srcset=\"http:\/\/www.frida-und-franz.de\/wp-content\/uploads\/2014\/10\/frankfurterhof.jpg 600w, http:\/\/www.frida-und-franz.de\/wp-content\/uploads\/2014\/10\/frankfurterhof-300x254.jpg 300w\" sizes=\"(max-width: 600px) 100vw, 600px\" \/><\/a><a href=\"http:\/\/www.frida-und-franz.de\/wp-content\/uploads\/2014\/10\/brentanoweg.jpg\"><img loading=\"lazy\" class=\"alignleft size-full wp-image-388\" src=\"http:\/\/www.frida-und-franz.de\/wp-content\/uploads\/2014\/10\/brentanoweg.jpg\" alt=\"brentanoweg\" width=\"600\" height=\"858\" srcset=\"http:\/\/www.frida-und-franz.de\/wp-content\/uploads\/2014\/10\/brentanoweg.jpg 600w, http:\/\/www.frida-und-franz.de\/wp-content\/uploads\/2014\/10\/brentanoweg-209x300.jpg 209w\" sizes=\"(max-width: 600px) 100vw, 600px\" \/><\/a><a href=\"http:\/\/www.frida-und-franz.de\/wp-content\/uploads\/2014\/10\/dersch\u00f6neblickzur\u00fcck.jpg\"><img loading=\"lazy\" class=\"alignleft size-full wp-image-387\" src=\"http:\/\/www.frida-und-franz.de\/wp-content\/uploads\/2014\/10\/dersch\u00f6neblickzur\u00fcck.jpg\" alt=\"dersch\u00f6neblickzur\u00fcck\" width=\"600\" height=\"448\" srcset=\"http:\/\/www.frida-und-franz.de\/wp-content\/uploads\/2014\/10\/dersch\u00f6neblickzur\u00fcck.jpg 600w, http:\/\/www.frida-und-franz.de\/wp-content\/uploads\/2014\/10\/dersch\u00f6neblickzur\u00fcck-300x224.jpg 300w\" sizes=\"(max-width: 600px) 100vw, 600px\" \/><\/a><a href=\"http:\/\/www.frida-und-franz.de\/wp-content\/uploads\/2014\/10\/rechnungshof.jpg\"><img loading=\"lazy\" class=\"alignleft size-full wp-image-389\" src=\"http:\/\/www.frida-und-franz.de\/wp-content\/uploads\/2014\/10\/rechnungshof.jpg\" alt=\"rechnungshof\" width=\"600\" height=\"450\" srcset=\"http:\/\/www.frida-und-franz.de\/wp-content\/uploads\/2014\/10\/rechnungshof.jpg 600w, http:\/\/www.frida-und-franz.de\/wp-content\/uploads\/2014\/10\/rechnungshof-300x225.jpg 300w\" sizes=\"(max-width: 600px) 100vw, 600px\" \/><\/a><a href=\"http:\/\/www.frida-und-franz.de\/wp-content\/uploads\/2014\/10\/r\u00f6mer1.jpg\"><img loading=\"lazy\" class=\"alignleft size-full wp-image-390\" src=\"http:\/\/www.frida-und-franz.de\/wp-content\/uploads\/2014\/10\/r\u00f6mer1.jpg\" alt=\"r\u00f6mer1\" width=\"600\" height=\"646\" srcset=\"http:\/\/www.frida-und-franz.de\/wp-content\/uploads\/2014\/10\/r\u00f6mer1.jpg 600w, http:\/\/www.frida-und-franz.de\/wp-content\/uploads\/2014\/10\/r\u00f6mer1-278x300.jpg 278w\" sizes=\"(max-width: 600px) 100vw, 600px\" \/><\/a><a href=\"http:\/\/www.frida-und-franz.de\/wp-content\/uploads\/2014\/10\/trio.jpg\"><img loading=\"lazy\" class=\"alignleft size-full wp-image-391\" src=\"http:\/\/www.frida-und-franz.de\/wp-content\/uploads\/2014\/10\/trio.jpg\" alt=\"trio\" width=\"600\" height=\"517\" srcset=\"http:\/\/www.frida-und-franz.de\/wp-content\/uploads\/2014\/10\/trio.jpg 600w, http:\/\/www.frida-und-franz.de\/wp-content\/uploads\/2014\/10\/trio-300x258.jpg 300w\" sizes=\"(max-width: 600px) 100vw, 600px\" \/><\/a><\/p>\n<p>&nbsp;<\/p>\n<p>&nbsp;<\/p>\n<p>&nbsp;<\/p>\n","protected":false},"excerpt":{"rendered":"<p>Kurz nach 3 aus dem Haus. Vielleicht ist ein Gesch\u00e4ftstermin noch m\u00f6glich. Zun\u00e4chst, auf dem Weg zur U-Bahn: Peter. Etwas umst\u00e4ndlich, um nicht seine Aufmerksamkeit zu erregen, den Fotoapparat in alle Himmelsrichtungen wenden. Er hat\u00b4s bemerkt. Ich versuche durch demonstrative Umst\u00e4ndlichkeit meine voyeuristische Spur zu verwischen, gr\u00fc\u00dfe ihn beim vorbeigehen nur fahrig. Entschuldigung! Der Anruf [&hellip;]<\/p>\n","protected":false},"author":1,"featured_media":0,"comment_status":"open","ping_status":"open","sticky":false,"template":"","format":"standard","meta":{"ngg_post_thumbnail":0},"categories":[3],"tags":[],"_links":{"self":[{"href":"http:\/\/www.frida-und-franz.de\/index.php?rest_route=\/wp\/v2\/posts\/378"}],"collection":[{"href":"http:\/\/www.frida-und-franz.de\/index.php?rest_route=\/wp\/v2\/posts"}],"about":[{"href":"http:\/\/www.frida-und-franz.de\/index.php?rest_route=\/wp\/v2\/types\/post"}],"author":[{"embeddable":true,"href":"http:\/\/www.frida-und-franz.de\/index.php?rest_route=\/wp\/v2\/users\/1"}],"replies":[{"embeddable":true,"href":"http:\/\/www.frida-und-franz.de\/index.php?rest_route=%2Fwp%2Fv2%2Fcomments&post=378"}],"version-history":[{"count":9,"href":"http:\/\/www.frida-und-franz.de\/index.php?rest_route=\/wp\/v2\/posts\/378\/revisions"}],"predecessor-version":[{"id":398,"href":"http:\/\/www.frida-und-franz.de\/index.php?rest_route=\/wp\/v2\/posts\/378\/revisions\/398"}],"wp:attachment":[{"href":"http:\/\/www.frida-und-franz.de\/index.php?rest_route=%2Fwp%2Fv2%2Fmedia&parent=378"}],"wp:term":[{"taxonomy":"category","embeddable":true,"href":"http:\/\/www.frida-und-franz.de\/index.php?rest_route=%2Fwp%2Fv2%2Fcategories&post=378"},{"taxonomy":"post_tag","embeddable":true,"href":"http:\/\/www.frida-und-franz.de\/index.php?rest_route=%2Fwp%2Fv2%2Ftags&post=378"}],"curies":[{"name":"wp","href":"https:\/\/api.w.org\/{rel}","templated":true}]}}