{"id":404,"date":"2014-10-16T00:06:37","date_gmt":"2014-10-15T22:06:37","guid":{"rendered":"http:\/\/www.frida-und-franz.de\/?p=404"},"modified":"2014-10-16T00:10:27","modified_gmt":"2014-10-15T22:10:27","slug":"das-wird-eng","status":"publish","type":"post","link":"http:\/\/www.frida-und-franz.de\/?p=404","title":{"rendered":"Das wird eng"},"content":{"rendered":"<p>Nach der gescheiterten Freundschafts-Oase in der Spohrstra\u00dfe w\u00e4rmt die Freunde-Liste von Facebook. Heute, via Helmut H\u00f6ge, erneut eine Anfrage. Soll ich oder darf ich nicht? Immerhin hat er einen Freund verraten. Aber er hat auch geweint, an meinem Tisch.<br \/>\nNein, ich mag ihn nicht. Aber muss man Facebook-Freunde m\u00f6gen?<br \/>\nVielleicht sollte ich den Ordner &#8222;Akte Udo&#8220; wieder hervorholen und den Fall abschlie\u00dfen. Vielleicht hilft mir dabei eine Freundschaftsbest\u00e4tigung.Es war doch schon einmal eine Erz\u00e4hlung geplant. Und das Theaterst\u00fcck\u00a0\u00a0zum Fall hat ja auch ein &#8222;ehemaliger Freund&#8220; geschrieben. Damals.<\/p>\n","protected":false},"excerpt":{"rendered":"<p>Nach der gescheiterten Freundschafts-Oase in der Spohrstra\u00dfe w\u00e4rmt die Freunde-Liste von Facebook. Heute, via Helmut H\u00f6ge, erneut eine Anfrage. Soll ich oder darf ich nicht? Immerhin hat er einen Freund verraten. Aber er hat auch geweint, an meinem Tisch. Nein, ich mag ihn nicht. Aber muss man Facebook-Freunde m\u00f6gen? Vielleicht sollte ich den Ordner &#8222;Akte [&hellip;]<\/p>\n","protected":false},"author":1,"featured_media":0,"comment_status":"open","ping_status":"open","sticky":false,"template":"","format":"standard","meta":{"ngg_post_thumbnail":0},"categories":[1,2],"tags":[],"_links":{"self":[{"href":"http:\/\/www.frida-und-franz.de\/index.php?rest_route=\/wp\/v2\/posts\/404"}],"collection":[{"href":"http:\/\/www.frida-und-franz.de\/index.php?rest_route=\/wp\/v2\/posts"}],"about":[{"href":"http:\/\/www.frida-und-franz.de\/index.php?rest_route=\/wp\/v2\/types\/post"}],"author":[{"embeddable":true,"href":"http:\/\/www.frida-und-franz.de\/index.php?rest_route=\/wp\/v2\/users\/1"}],"replies":[{"embeddable":true,"href":"http:\/\/www.frida-und-franz.de\/index.php?rest_route=%2Fwp%2Fv2%2Fcomments&post=404"}],"version-history":[{"count":4,"href":"http:\/\/www.frida-und-franz.de\/index.php?rest_route=\/wp\/v2\/posts\/404\/revisions"}],"predecessor-version":[{"id":409,"href":"http:\/\/www.frida-und-franz.de\/index.php?rest_route=\/wp\/v2\/posts\/404\/revisions\/409"}],"wp:attachment":[{"href":"http:\/\/www.frida-und-franz.de\/index.php?rest_route=%2Fwp%2Fv2%2Fmedia&parent=404"}],"wp:term":[{"taxonomy":"category","embeddable":true,"href":"http:\/\/www.frida-und-franz.de\/index.php?rest_route=%2Fwp%2Fv2%2Fcategories&post=404"},{"taxonomy":"post_tag","embeddable":true,"href":"http:\/\/www.frida-und-franz.de\/index.php?rest_route=%2Fwp%2Fv2%2Ftags&post=404"}],"curies":[{"name":"wp","href":"https:\/\/api.w.org\/{rel}","templated":true}]}}