{"id":413,"date":"2014-12-07T20:00:29","date_gmt":"2014-12-07T18:00:29","guid":{"rendered":"http:\/\/www.frida-und-franz.de\/?p=413"},"modified":"2014-12-07T23:58:04","modified_gmt":"2014-12-07T21:58:04","slug":"novemberblues-am-7-dezember-2014","status":"publish","type":"post","link":"http:\/\/www.frida-und-franz.de\/?p=413","title":{"rendered":"Novemberblues am 7. Dezember 2014"},"content":{"rendered":"<p>Eigentlich hat ja heute auch die Sonne geschienen. Es ist ja auch Sonntag. Unmittelbar vor dem Haus Walter Haimann auf dem Fahrrad &#8211; &#8222;Nole!&#8220; &#8211; Er fuhr damals (siehe Foto unten und demn\u00e4chst: \u00a0Walter Haimann, der 2. von rechts) schon Rad, jetzt auf dem Weg zu einem Kirchenkonzert in Bockenheim. Wenn ich mal wieder einen Pianisten brauche &#8230;<\/p>\n<p>Auf dem Weg zum Verlag Neue Kritik. In der Leipziger beim Blick auf die blasphemische oder multikulturelle oder \u00f6kumenische Figurengruppe die Frage, nein, nicht ob das alles gut ist, sondern: ob die Asiaten (ASIA-Shop) oder Chinesen das alles im Griff haben oder dar\u00fcber garnicht (nach-)denken?<\/p>\n<p>Einige Schritte weiter oder vorher der Trost: Das Celsius scheint doch noch nicht verloren. \u00d6ffnungszeitenschilder deuten an: Das <em>Celsius<\/em> gibt es doch noch. Demn\u00e4chst also ein Ortstermin.<\/p>\n<p>Bei Dorothea Rein im Verlag: Umgeben von den tabuisierten sch\u00f6nen B\u00fccherw\u00e4nden stehen im Verlagsraum einige Besucher vor den B\u00fccherkisten. Ordentlich sortiert nach Philosophie und Frauen, anderen Sprachen und Kunst. Ber\u00fchrend\u00a0 &#8222;Das Schweigen des Meeres&#8220; von Vercours aus dem Nachlass von Hans Martin Lohmann (plus Simenon <em>Der Zug aus Venedig<\/em>) und aus dem Nachlass von Ronny Loewy &#8222;Konterrevolution und Revolte&#8220; von Herbert Marcuse zu erstehen. Der Marcuse-Band sieht sehr ungelesen aus, erschienen in der Edition Suhrkamp 1973 (&#8222;Unter Mitwirkung von Alfred Schmidt aus dem Englischen \u00fcbersetzt von R. &amp; R. Wiggershaus. Autorisierte \u00dcbersetzung&#8220;). Im Buch eine Telefonnummer auf einem Zettel: ******.<\/p>\n<p>Noch zwei Suhrkamp-B\u00fccher. 1989 erschienen, herausgegeben von R. Erd, D. Ho\u00df, O. Jacobi und P. Noller: <em>Kritische Theorie und Kultur<\/em>. Da w\u00e4re, ob der vielen Beitr\u00e4ge, auch einiges zu erinnern und &#8230;\u00a0 Dann noch: Helmut Dubiel &#8222;Ungewi\u00dfheit und Politik&#8220; (1994). Schon wegen des Begriffs der Ungewi\u00dfheit verhei\u00dfungsvoll. Und in diesem Buch eine FR-Kritik dieses Buches von Peter-Erwin Jansen.<\/p>\n<p>Die letzte Erinnerung galt dann Cesare Pavese, den ich erst durch Andreas Montag, dem damaligen Leipziger Freund, entdeckte. &#8222;Wir waren noch sehr jung. In jenem Jahr habe ich wohl kaum geschlafen.&#8220; So der erste Satz des Romans <em>Der Teufel auf den H\u00fcgeln<\/em> (Claassen Verlag, 1964). Der erste Satz wurde vom Vorbesitzer mit Bleistift unterstrichen. Ach.<\/p>\n<p><a href=\"http:\/\/www.frida-und-franz.de\/wp-content\/uploads\/2014\/12\/neuekritik_ausbeute.jpg\"><img loading=\"lazy\" class=\"alignleft size-full wp-image-417\" src=\"http:\/\/www.frida-und-franz.de\/wp-content\/uploads\/2014\/12\/neuekritik_ausbeute.jpg\" alt=\"SAMSUNG CAMERA PICTURES\" width=\"639\" height=\"442\" srcset=\"http:\/\/www.frida-und-franz.de\/wp-content\/uploads\/2014\/12\/neuekritik_ausbeute.jpg 639w, http:\/\/www.frida-und-franz.de\/wp-content\/uploads\/2014\/12\/neuekritik_ausbeute-300x207.jpg 300w\" sizes=\"(max-width: 639px) 100vw, 639px\" \/><\/a><a href=\"http:\/\/www.frida-und-franz.de\/wp-content\/uploads\/2014\/12\/ronny2.jpg\"><img loading=\"lazy\" class=\"alignleft size-full wp-image-426\" src=\"http:\/\/www.frida-und-franz.de\/wp-content\/uploads\/2014\/12\/ronny2.jpg\" alt=\"SAMSUNG CAMERA PICTURES\" width=\"272\" height=\"350\" srcset=\"http:\/\/www.frida-und-franz.de\/wp-content\/uploads\/2014\/12\/ronny2.jpg 272w, http:\/\/www.frida-und-franz.de\/wp-content\/uploads\/2014\/12\/ronny2-233x300.jpg 233w\" sizes=\"(max-width: 272px) 100vw, 272px\" \/><\/a><\/p>\n<p>&nbsp;<\/p>\n<p>&nbsp;<\/p>\n<p>&nbsp;<\/p>\n<p>&nbsp;<\/p>\n<p>&nbsp;<\/p>\n<p>&nbsp;<\/p>\n<p>&nbsp;<\/p>\n<p>&nbsp;<\/p>\n<p>&nbsp;<\/p>\n<p>&nbsp;<\/p>\n<p>&nbsp;<\/p>\n<p>&nbsp;<\/p>\n<p><a href=\"http:\/\/www.frida-und-franz.de\/wp-content\/uploads\/2014\/12\/weihnachten-in-bockenheim.jpg\"><img loading=\"lazy\" class=\"alignleft size-full wp-image-421\" src=\"http:\/\/www.frida-und-franz.de\/wp-content\/uploads\/2014\/12\/weihnachten-in-bockenheim.jpg\" alt=\"SAMSUNG CAMERA PICTURES\" width=\"600\" height=\"534\" srcset=\"http:\/\/www.frida-und-franz.de\/wp-content\/uploads\/2014\/12\/weihnachten-in-bockenheim.jpg 600w, http:\/\/www.frida-und-franz.de\/wp-content\/uploads\/2014\/12\/weihnachten-in-bockenheim-300x267.jpg 300w\" sizes=\"(max-width: 600px) 100vw, 600px\" \/><\/a><\/p>\n<p>&nbsp;<\/p>\n<p>&nbsp;<\/p>\n<p>&nbsp;<\/p>\n<p>&nbsp;<\/p>\n","protected":false},"excerpt":{"rendered":"<p>Eigentlich hat ja heute auch die Sonne geschienen. Es ist ja auch Sonntag. Unmittelbar vor dem Haus Walter Haimann auf dem Fahrrad &#8211; &#8222;Nole!&#8220; &#8211; Er fuhr damals (siehe Foto unten und demn\u00e4chst: \u00a0Walter Haimann, der 2. von rechts) schon Rad, jetzt auf dem Weg zu einem Kirchenkonzert in Bockenheim. Wenn ich mal wieder einen [&hellip;]<\/p>\n","protected":false},"author":1,"featured_media":0,"comment_status":"closed","ping_status":"open","sticky":false,"template":"","format":"standard","meta":{"ngg_post_thumbnail":0},"categories":[4],"tags":[],"_links":{"self":[{"href":"http:\/\/www.frida-und-franz.de\/index.php?rest_route=\/wp\/v2\/posts\/413"}],"collection":[{"href":"http:\/\/www.frida-und-franz.de\/index.php?rest_route=\/wp\/v2\/posts"}],"about":[{"href":"http:\/\/www.frida-und-franz.de\/index.php?rest_route=\/wp\/v2\/types\/post"}],"author":[{"embeddable":true,"href":"http:\/\/www.frida-und-franz.de\/index.php?rest_route=\/wp\/v2\/users\/1"}],"replies":[{"embeddable":true,"href":"http:\/\/www.frida-und-franz.de\/index.php?rest_route=%2Fwp%2Fv2%2Fcomments&post=413"}],"version-history":[{"count":13,"href":"http:\/\/www.frida-und-franz.de\/index.php?rest_route=\/wp\/v2\/posts\/413\/revisions"}],"predecessor-version":[{"id":431,"href":"http:\/\/www.frida-und-franz.de\/index.php?rest_route=\/wp\/v2\/posts\/413\/revisions\/431"}],"wp:attachment":[{"href":"http:\/\/www.frida-und-franz.de\/index.php?rest_route=%2Fwp%2Fv2%2Fmedia&parent=413"}],"wp:term":[{"taxonomy":"category","embeddable":true,"href":"http:\/\/www.frida-und-franz.de\/index.php?rest_route=%2Fwp%2Fv2%2Fcategories&post=413"},{"taxonomy":"post_tag","embeddable":true,"href":"http:\/\/www.frida-und-franz.de\/index.php?rest_route=%2Fwp%2Fv2%2Ftags&post=413"}],"curies":[{"name":"wp","href":"https:\/\/api.w.org\/{rel}","templated":true}]}}