{"id":68,"date":"2014-07-05T15:05:03","date_gmt":"2014-07-05T13:05:03","guid":{"rendered":"http:\/\/www.frida-und-franz.de\/?p=68"},"modified":"2014-07-05T15:05:03","modified_gmt":"2014-07-05T13:05:03","slug":"freitag-4-juli","status":"publish","type":"post","link":"http:\/\/www.frida-und-franz.de\/?p=68","title":{"rendered":"Freitag, 4. Juli"},"content":{"rendered":"<p>Auf dem Fahrrad: Nach langer Pause wieder Genazino auf der Leipziger gesehen, auf dem Opernplatz ein Plausch mit Nivea Schmidt \u00fcber brasilianischen Fussball in Frankfurt, Kultur und Essen. Zum Schlu\u00df: Gegenseitige toi, toi, toi-W\u00fcnsche f\u00fcr den Abend. Auf dem Matthias-Beltz-Platz ein Radler, inmitten der Tattoo-V\u00e4ter mit den Kinderwagen, den Latte-M\u00fcttern und und und .. Auf der gegen\u00fcberliegenden Seite Frank Gr\u00fcttner, im Gespr\u00e4ch mit den Leuten von &#8222;100&#8220;. Besuch in seiner Wohnung und seinem Atelier. Auf dem Balkon Gespr\u00e4ch \u00fcber Entt\u00e4uschungen, Ungerechtigkeiten, Dummheit und Geld. Beim Abschied zwei Zitate: &#8222;Traurig bin ich sowieso&#8220; &amp; &#8222;Glaubt bloss nicht, dass ich traurig bin&#8220;.<\/p>\n","protected":false},"excerpt":{"rendered":"<p>Auf dem Fahrrad: Nach langer Pause wieder Genazino auf der Leipziger gesehen, auf dem Opernplatz ein Plausch mit Nivea Schmidt \u00fcber brasilianischen Fussball in Frankfurt, Kultur und Essen. Zum Schlu\u00df: Gegenseitige toi, toi, toi-W\u00fcnsche f\u00fcr den Abend. Auf dem Matthias-Beltz-Platz ein Radler, inmitten der Tattoo-V\u00e4ter mit den Kinderwagen, den Latte-M\u00fcttern und und und .. Auf [&hellip;]<\/p>\n","protected":false},"author":1,"featured_media":0,"comment_status":"open","ping_status":"open","sticky":false,"template":"","format":"standard","meta":{"ngg_post_thumbnail":0},"categories":[3],"tags":[],"_links":{"self":[{"href":"http:\/\/www.frida-und-franz.de\/index.php?rest_route=\/wp\/v2\/posts\/68"}],"collection":[{"href":"http:\/\/www.frida-und-franz.de\/index.php?rest_route=\/wp\/v2\/posts"}],"about":[{"href":"http:\/\/www.frida-und-franz.de\/index.php?rest_route=\/wp\/v2\/types\/post"}],"author":[{"embeddable":true,"href":"http:\/\/www.frida-und-franz.de\/index.php?rest_route=\/wp\/v2\/users\/1"}],"replies":[{"embeddable":true,"href":"http:\/\/www.frida-und-franz.de\/index.php?rest_route=%2Fwp%2Fv2%2Fcomments&post=68"}],"version-history":[{"count":1,"href":"http:\/\/www.frida-und-franz.de\/index.php?rest_route=\/wp\/v2\/posts\/68\/revisions"}],"predecessor-version":[{"id":69,"href":"http:\/\/www.frida-und-franz.de\/index.php?rest_route=\/wp\/v2\/posts\/68\/revisions\/69"}],"wp:attachment":[{"href":"http:\/\/www.frida-und-franz.de\/index.php?rest_route=%2Fwp%2Fv2%2Fmedia&parent=68"}],"wp:term":[{"taxonomy":"category","embeddable":true,"href":"http:\/\/www.frida-und-franz.de\/index.php?rest_route=%2Fwp%2Fv2%2Fcategories&post=68"},{"taxonomy":"post_tag","embeddable":true,"href":"http:\/\/www.frida-und-franz.de\/index.php?rest_route=%2Fwp%2Fv2%2Ftags&post=68"}],"curies":[{"name":"wp","href":"https:\/\/api.w.org\/{rel}","templated":true}]}}