{"id":90,"date":"2014-07-15T15:46:10","date_gmt":"2014-07-15T13:46:10","guid":{"rendered":"http:\/\/www.frida-und-franz.de\/?p=90"},"modified":"2014-07-16T11:44:58","modified_gmt":"2014-07-16T09:44:58","slug":"tote-zeit","status":"publish","type":"post","link":"http:\/\/www.frida-und-franz.de\/?p=90","title":{"rendered":"Tote Zeit"},"content":{"rendered":"<blockquote><p>Der Mensch unsrer Zeit ist durchaus ereignishungrig. Er scheint nicht mehr zu wissen, dass es fast nur ungl\u00fcckliche Ereignisse gibt.<\/p>\n<p>Bestimmte Ereignisse in unserem Leben m\u00f6chten wir wohl selbst schaffen, wir m\u00f6chten, wie ich glaube, genaue Vorstellungen unseres Kopfes \u00fcber Nacht verwirklicht sehen, um dann das N\u00e4chste zu tun.<\/p>\n<p>O du unser armer, k\u00f6niglicher Kopf, im geheimen gewiss, in jedem Augenblick hunderttausend H\u00e4nde zur Verf\u00fcgung zu haben, um Pl\u00e4ne zu verwirklichen, und doch ist nichts da in der Welt, das diese armen H\u00e4nde ern\u00e4hren wird, w\u00e4hrend nun unsere beiden kl\u00e4glichen F\u00e4uste selbst sehen m\u00fcssen, wie sie diesen Kopf auch nur f\u00fcttern, der mit seinen dummen Pl\u00e4nen so viel Futter verbraucht.<\/p><\/blockquote>\n<p><span style=\"color: #800000;\">Ernst Fuhrmann, Tote Zeit. Roman. Hrsg. von Rembert Baumann, Edition Moderne 1987<\/span><\/p>\n<p>&nbsp;<\/p>\n","protected":false},"excerpt":{"rendered":"<p>Der Mensch unsrer Zeit ist durchaus ereignishungrig. Er scheint nicht mehr zu wissen, dass es fast nur ungl\u00fcckliche Ereignisse gibt. Bestimmte Ereignisse in unserem Leben m\u00f6chten wir wohl selbst schaffen, wir m\u00f6chten, wie ich glaube, genaue Vorstellungen unseres Kopfes \u00fcber Nacht verwirklicht sehen, um dann das N\u00e4chste zu tun. O du unser armer, k\u00f6niglicher Kopf, [&hellip;]<\/p>\n","protected":false},"author":1,"featured_media":0,"comment_status":"open","ping_status":"open","sticky":false,"template":"","format":"standard","meta":{"ngg_post_thumbnail":0},"categories":[7],"tags":[],"_links":{"self":[{"href":"http:\/\/www.frida-und-franz.de\/index.php?rest_route=\/wp\/v2\/posts\/90"}],"collection":[{"href":"http:\/\/www.frida-und-franz.de\/index.php?rest_route=\/wp\/v2\/posts"}],"about":[{"href":"http:\/\/www.frida-und-franz.de\/index.php?rest_route=\/wp\/v2\/types\/post"}],"author":[{"embeddable":true,"href":"http:\/\/www.frida-und-franz.de\/index.php?rest_route=\/wp\/v2\/users\/1"}],"replies":[{"embeddable":true,"href":"http:\/\/www.frida-und-franz.de\/index.php?rest_route=%2Fwp%2Fv2%2Fcomments&post=90"}],"version-history":[{"count":4,"href":"http:\/\/www.frida-und-franz.de\/index.php?rest_route=\/wp\/v2\/posts\/90\/revisions"}],"predecessor-version":[{"id":107,"href":"http:\/\/www.frida-und-franz.de\/index.php?rest_route=\/wp\/v2\/posts\/90\/revisions\/107"}],"wp:attachment":[{"href":"http:\/\/www.frida-und-franz.de\/index.php?rest_route=%2Fwp%2Fv2%2Fmedia&parent=90"}],"wp:term":[{"taxonomy":"category","embeddable":true,"href":"http:\/\/www.frida-und-franz.de\/index.php?rest_route=%2Fwp%2Fv2%2Fcategories&post=90"},{"taxonomy":"post_tag","embeddable":true,"href":"http:\/\/www.frida-und-franz.de\/index.php?rest_route=%2Fwp%2Fv2%2Ftags&post=90"}],"curies":[{"name":"wp","href":"https:\/\/api.w.org\/{rel}","templated":true}]}}