{"id":92,"date":"2014-07-22T18:00:07","date_gmt":"2014-07-22T16:00:07","guid":{"rendered":"http:\/\/www.frida-und-franz.de\/?p=92"},"modified":"2014-07-23T12:22:04","modified_gmt":"2014-07-23T10:22:04","slug":"vor-45-jahren-1969","status":"publish","type":"post","link":"http:\/\/www.frida-und-franz.de\/?p=92","title":{"rendered":"Vor 45 Jahren: 1969"},"content":{"rendered":"<p>Alle fuhren nach Berlin. Diejenigen, die nicht zur Bundeswehr wollten sowieso und auch. Ich fuhr allein mit dem Zug. Habe ich in der Jugendherberge \u00fcbernachtet? Vermutlich, vielleicht. Habe ich die Mauer angesehen, vom Westen aus? Ja. Vom Osten aus? Eher nicht. Aber ich war\u00a0dr\u00fcben. Habe ich meinen Eltern geschrieben.\u00a0Vor allem aber ich Buchl\u00e4den besucht, am Sayvigneplatz, in Dahlem usw. Ich ertrank in den Titeln der Zeitschriften, in den Titel der B\u00fccher, den Namen der Revolution\u00e4re &#8211; &#8211; &#8211; ich war in St. Petersburg, 1917.\u00a0 Ich kam aus der Provinz, nein, ich kam aus dem Sauerland.\u00a0Dort ware alles noch ganz weit weg. Da gab es das Fernsehen. Und die <em>konkret<\/em> am Bahnhofskiosk in Altenhundem und das Kursbuch-Abo in der Siegener Buchhandlung. Der kleine Sauerl\u00e4nder in Berlin 1969.\u00a0Noch war er kein Trotzkist, noch gab es keine Genossen, die man sp\u00e4ter alle kannte, von Siegen bis L\u00fcdenscheid, von Attendorn bis Lennestadt. Er: Ein Suchender im Meer der Organisationen und Initiativen und Zeitschriftenprojekte. Bis heute kann ich nicht schwimmen.<\/p>\n<p>Am Abend\u00a0ins Theater auf dem Kudamm: Publikumsbeschimpfung von Handke. Erweckungstheater. Und dann, am n\u00e4chsten Tag, die <strong><em>883<\/em> <\/strong>in der Hand: Peter Handke auf dem Kudamm. Wir sind im Pop-Zeitalter: Ich erbitte mir also ein Autogramm und erhalte es, auf die 883. Mein Drittes Autogramm. Vorher, \u00a01965: Pierre Brice und Lex Barker.<\/p>\n<p><a href=\"http:\/\/www.frida-und-franz.de\/wp-content\/uploads\/2014\/07\/883_24071969.jpg\"><img loading=\"lazy\" class=\"wp-image-94 alignleft\" src=\"http:\/\/www.frida-und-franz.de\/wp-content\/uploads\/2014\/07\/883_24071969.jpg\" alt=\"883_24071969\" width=\"657\" height=\"460\" srcset=\"http:\/\/www.frida-und-franz.de\/wp-content\/uploads\/2014\/07\/883_24071969.jpg 800w, http:\/\/www.frida-und-franz.de\/wp-content\/uploads\/2014\/07\/883_24071969-300x210.jpg 300w\" sizes=\"(max-width: 657px) 100vw, 657px\" \/><br \/>\n<\/a><\/p>\n<p>Zur\u00fcckgekehrt abonnierte ich f\u00fcr Lennestadt 50 Exemplare der <strong>883 (&#8222;Unser Kater Carlo&#8220; &#8211; wir erinnern uns, nicht wahr?!)<\/strong>. Ich erhielt sie mindestens bis irgendwann 1970. Zum Schlu\u00df wurden die angelieferten Stapel in der Waschk\u00fcche nur noch abgelegt. Da war ich bereits Trotzkist und las die 883 nicht mehr. Meine Eltern fanden sich damit ab &#8211; mit meinem Edelkommunismus, mit den w\u00f6chentlichen Stapeln der 883, mit den\u00a0langen Fahrten, die dann, ab Herbst 1969 als trotzkistischer Genosse nach Dortmund, nach K\u00f6ln, nach Essen, nach Paris und nach Bonn und Berlin f\u00fchrten.<\/p>\n<p>&nbsp;<\/p>\n<p>&nbsp;<\/p>\n<p>&nbsp;<\/p>\n<p>&nbsp;<\/p>\n","protected":false},"excerpt":{"rendered":"<p>Alle fuhren nach Berlin. Diejenigen, die nicht zur Bundeswehr wollten sowieso und auch. Ich fuhr allein mit dem Zug. Habe ich in der Jugendherberge \u00fcbernachtet? Vermutlich, vielleicht. Habe ich die Mauer angesehen, vom Westen aus? Ja. Vom Osten aus? Eher nicht. Aber ich war\u00a0dr\u00fcben. Habe ich meinen Eltern geschrieben.\u00a0Vor allem aber ich Buchl\u00e4den besucht, am [&hellip;]<\/p>\n","protected":false},"author":1,"featured_media":0,"comment_status":"open","ping_status":"open","sticky":false,"template":"","format":"standard","meta":{"ngg_post_thumbnail":0},"categories":[8],"tags":[],"_links":{"self":[{"href":"http:\/\/www.frida-und-franz.de\/index.php?rest_route=\/wp\/v2\/posts\/92"}],"collection":[{"href":"http:\/\/www.frida-und-franz.de\/index.php?rest_route=\/wp\/v2\/posts"}],"about":[{"href":"http:\/\/www.frida-und-franz.de\/index.php?rest_route=\/wp\/v2\/types\/post"}],"author":[{"embeddable":true,"href":"http:\/\/www.frida-und-franz.de\/index.php?rest_route=\/wp\/v2\/users\/1"}],"replies":[{"embeddable":true,"href":"http:\/\/www.frida-und-franz.de\/index.php?rest_route=%2Fwp%2Fv2%2Fcomments&post=92"}],"version-history":[{"count":13,"href":"http:\/\/www.frida-und-franz.de\/index.php?rest_route=\/wp\/v2\/posts\/92\/revisions"}],"predecessor-version":[{"id":123,"href":"http:\/\/www.frida-und-franz.de\/index.php?rest_route=\/wp\/v2\/posts\/92\/revisions\/123"}],"wp:attachment":[{"href":"http:\/\/www.frida-und-franz.de\/index.php?rest_route=%2Fwp%2Fv2%2Fmedia&parent=92"}],"wp:term":[{"taxonomy":"category","embeddable":true,"href":"http:\/\/www.frida-und-franz.de\/index.php?rest_route=%2Fwp%2Fv2%2Fcategories&post=92"},{"taxonomy":"post_tag","embeddable":true,"href":"http:\/\/www.frida-und-franz.de\/index.php?rest_route=%2Fwp%2Fv2%2Ftags&post=92"}],"curies":[{"name":"wp","href":"https:\/\/api.w.org\/{rel}","templated":true}]}}